{"id":162,"date":"2013-04-23T12:37:01","date_gmt":"2013-04-23T10:37:01","guid":{"rendered":"http:\/\/www.autoradio-adapter.eu\/blog\/?p=162"},"modified":"2015-04-25T10:17:48","modified_gmt":"2015-04-25T08:17:48","slug":"smartphone-ipod-oder-ipad-im-bmw-5er-anschliesen","status":"publish","type":"post","link":"https:\/\/www.autoradio-adapter.eu\/blog\/smartphone-ipod-oder-ipad-im-bmw-5er-anschliesen\/","title":{"rendered":"Smartphone iPod oder iPad im BMW 5er anschlie\u00dfen"},"content":{"rendered":"<h2>Wie kann man ein Smartphone iPod oder iPad \u00fcber die USB-Audio USB Schnittstelle im BMW 5er E60, E61, F07 GT, F10 2003 &#8211; 2010 anschlie\u00dfen!<\/h2>\n<p>&nbsp;<\/p>\n<p>Mit dem bereits integrierten USB-Anschluss in der Mittelkonsole k\u00f6nnen die Player oder ein Apple iPhone direkt gesteuert werden. BMW bietet eine sehr gute\u00a0 Voraussetzung, um mobile Ger\u00e4te wie Smartphone, Mobiltelefone, PDAs oder MP3-Player zu nutzen. Verbunden werden Sie per USB! Denn nahezu alle g\u00e4ngigen MP3-Player, Apple iPods und USB-Sticks k\u00f6nnen nahtlos in das BMW-Audiosystem integriert werden. Die Anzeige der Titel erfolgt am Control- oder Radio-Display.<\/p>\n<p><!--more--><\/p>\n<p><a title=\"iPod, iPhone Kabel, Anschlusskabel\" href=\"http:\/\/www.car-hifi-radio-adapter.eu\/ipod-kabel\/bmw-5er-e60-e61-f07-gt-f10-ipod-iphone-kabel.html\" target=\"_blank\" rel=\"noopener\"><img loading=\"lazy\" decoding=\"async\" class=\"alignnone size-full wp-image-164\" src=\"http:\/\/www.autoradio-adapter.eu\/blog\/wp-content\/uploads\/2013\/04\/14291.jpg\" alt=\"14291\" width=\"492\" height=\"418\" srcset=\"https:\/\/www.autoradio-adapter.eu\/blog\/wp-content\/uploads\/2013\/04\/14291.jpg 492w, https:\/\/www.autoradio-adapter.eu\/blog\/wp-content\/uploads\/2013\/04\/14291-300x254.jpg 300w\" sizes=\"auto, (max-width: 492px) 100vw, 492px\" \/><\/a><\/p>\n<p>iPod, iPhone Kabel, Anschlusskabel<\/p>\n<p>&nbsp;<\/p>\n<p>Ein einfacher Adapter erm\u00f6glicht den Anschluss an diese Ger\u00e4te!<\/p>\n<p><a href=\"http:\/\/www.autoradio-adapter.eu\/blog\/wp-content\/uploads\/2013\/04\/E60-71.jpg\"><img loading=\"lazy\" decoding=\"async\" class=\"alignnone size-full wp-image-170\" src=\"http:\/\/www.autoradio-adapter.eu\/blog\/wp-content\/uploads\/2013\/04\/E60-71.jpg\" alt=\"E60-7\" width=\"600\" height=\"450\" srcset=\"https:\/\/www.autoradio-adapter.eu\/blog\/wp-content\/uploads\/2013\/04\/E60-71.jpg 600w, https:\/\/www.autoradio-adapter.eu\/blog\/wp-content\/uploads\/2013\/04\/E60-71-300x225.jpg 300w\" sizes=\"auto, (max-width: 600px) 100vw, 600px\" \/><\/a><\/p>\n<p>Deckelabheben und das Kabel anstecken, es kann entweder mit dem iPad, iPod oder iPhone verbunden werden!<\/p>\n<p><a href=\"http:\/\/www.autoradio-adapter.eu\/blog\/wp-content\/uploads\/2013\/04\/E60ipod.jpg\"><img loading=\"lazy\" decoding=\"async\" class=\"alignnone size-full wp-image-171\" src=\"http:\/\/www.autoradio-adapter.eu\/blog\/wp-content\/uploads\/2013\/04\/E60ipod.jpg\" alt=\"E60ipod\" width=\"600\" height=\"335\" srcset=\"https:\/\/www.autoradio-adapter.eu\/blog\/wp-content\/uploads\/2013\/04\/E60ipod.jpg 600w, https:\/\/www.autoradio-adapter.eu\/blog\/wp-content\/uploads\/2013\/04\/E60ipod-300x167.jpg 300w\" sizes=\"auto, (max-width: 600px) 100vw, 600px\" \/><\/a><\/p>\n<p>Die Steuerung des Men\u00fcs kann \u00fcber iDrive Controller, Multifunktionslenkrad oder das BMW-Radio erfolgen.<\/p>\n<p><a href=\"http:\/\/www.autoradio-adapter.eu\/blog\/wp-content\/uploads\/2013\/04\/E60-4.jpg\"><img loading=\"lazy\" decoding=\"async\" class=\"alignnone size-full wp-image-172\" style=\"width: 599px; height: 474px;\" src=\"http:\/\/www.autoradio-adapter.eu\/blog\/wp-content\/uploads\/2013\/04\/E60-4.jpg\" alt=\"E60-4\" width=\"604\" height=\"475\" \/><\/a><\/p>\n<p>&nbsp;<\/p>\n<p>Schalten Sie das Radio ein und gehen Sie auf die Position AUX im Display!<\/p>\n<p><a href=\"http:\/\/www.autoradio-adapter.eu\/blog\/wp-content\/uploads\/2013\/04\/e60-aux.jpg\"><img loading=\"lazy\" decoding=\"async\" class=\"alignnone size-full wp-image-173\" src=\"http:\/\/www.autoradio-adapter.eu\/blog\/wp-content\/uploads\/2013\/04\/e60-aux.jpg\" alt=\"e60-aux\" width=\"600\" height=\"335\" srcset=\"https:\/\/www.autoradio-adapter.eu\/blog\/wp-content\/uploads\/2013\/04\/e60-aux.jpg 600w, https:\/\/www.autoradio-adapter.eu\/blog\/wp-content\/uploads\/2013\/04\/e60-aux-300x167.jpg 300w\" sizes=\"auto, (max-width: 600px) 100vw, 600px\" \/><\/a><\/p>\n<p>Der Name des Smartphone zum Beispiel wird angezeigt Sie haben die Option Genre, K\u00fcnstler oder Album und Titel zu w\u00e4hlen!<\/p>\n<p>&nbsp;<\/p>\n<p>Tags: <a href=\"http:\/\/www.autoradio-adapter.eu\/blog\/tag\/apple-iphone-im-bmw-5er-anschliesen\/\" rel=\"tag\">Apple iPhone im BMW 5er anschlie\u00dfen<\/a>, <a href=\"http:\/\/www.autoradio-adapter.eu\/blog\/tag\/apple-iphone-im-bmw-e60-anschliesen\/\" rel=\"tag\">Apple iPhone im BMW E60 anschlie\u00dfen<\/a>, <a href=\"http:\/\/www.autoradio-adapter.eu\/blog\/tag\/apple-iphone-im-bmw-e61-anschliesen\/\" rel=\"tag\">Apple iPhone im BMW E61 anschlie\u00dfen<\/a>, <a href=\"http:\/\/www.autoradio-adapter.eu\/blog\/tag\/apple-iphone-mit-bmw-5er-radio-steuern\/\" rel=\"tag\">Apple iPhone mit BMW 5er Radio steuern<\/a>, <a href=\"http:\/\/www.autoradio-adapter.eu\/blog\/tag\/apple-iphone-mit-bmw-e60-radio-steuern\/\" rel=\"tag\">Apple iPhone mit BMW E60 Radio steuern<\/a>, <a href=\"http:\/\/www.autoradio-adapter.eu\/blog\/tag\/apple-iphone-mit-bmw-e61-radio-steuern\/\" rel=\"tag\">Apple iPhone mit BMW E61 Radio steuern<\/a>, <a href=\"http:\/\/www.autoradio-adapter.eu\/blog\/tag\/apple-ipods-im-bmw-5er-anschliesen\/\" rel=\"tag\">Apple iPods im BMW 5er anschlie\u00dfen<\/a>, <a href=\"http:\/\/www.autoradio-adapter.eu\/blog\/tag\/apple-ipods-im-bmw-e60-anschliesen\/\" rel=\"tag\">Apple iPods im BMW E60 anschlie\u00dfen<\/a>, <a href=\"http:\/\/www.autoradio-adapter.eu\/blog\/tag\/apple-ipods-im-bmw-e61-anschliesen\/\" rel=\"tag\">Apple iPods im BMW E61 anschlie\u00dfen<\/a>, <a href=\"http:\/\/www.autoradio-adapter.eu\/blog\/tag\/bmw-5er-usb-anschluss\/\" rel=\"tag\">BMW 5er USB-Anschluss<\/a>, <a href=\"http:\/\/www.autoradio-adapter.eu\/blog\/tag\/bmw-e60-usb-anschluss\/\" rel=\"tag\">BMW E60 USB-Anschluss<\/a>, <a href=\"http:\/\/www.autoradio-adapter.eu\/blog\/tag\/bmw-e61-usb-anschluss\/\" rel=\"tag\">BMW E61 USB-Anschluss<\/a>, <a href=\"http:\/\/www.autoradio-adapter.eu\/blog\/tag\/mobile-endgerate-an-bmw-5er-anschliesen\/\" rel=\"tag\">Mobile Endger\u00e4te an BMW 5er anschlie\u00dfen<\/a>, <a href=\"http:\/\/www.autoradio-adapter.eu\/blog\/tag\/mobile-endgerate-an-bmw-e60-anschliesen\/\" rel=\"tag\">Mobile Endger\u00e4te an BMW E60 anschlie\u00dfen<\/a>, <a href=\"http:\/\/www.autoradio-adapter.eu\/blog\/tag\/mobile-endgerate-an-bmw-e61-anschliesen\/\" rel=\"tag\">Mobile Endger\u00e4te an BMW E61 anschlie\u00dfen<\/a>, <a href=\"http:\/\/www.autoradio-adapter.eu\/blog\/tag\/pdas-oder-mp3-player-im-bmw-5er-anschliesen\/\" rel=\"tag\">PDAs oder MP3-Player im BMW 5er anschlie\u00dfen<\/a>, <a href=\"http:\/\/www.autoradio-adapter.eu\/blog\/tag\/pdas-oder-mp3-player-im-bmw-e60-anschliesen\/\" rel=\"tag\">PDAs oder MP3-Player im BMW E60 anschlie\u00dfen<\/a>, <a href=\"http:\/\/www.autoradio-adapter.eu\/blog\/tag\/pdas-oder-mp3-player-im-bmw-e61-anschliesen\/\" rel=\"tag\">PDAs oder MP3-Player im BMW E61 anschlie\u00dfen<\/a>, <a href=\"http:\/\/www.autoradio-adapter.eu\/blog\/tag\/smartphone-in-bmw-5er-anschliesen\/\" rel=\"tag\">Smartphone in BMW 5er anschlie\u00dfen<\/a>, <a href=\"http:\/\/www.autoradio-adapter.eu\/blog\/tag\/smartphone-in-bmw-e60-anschliesen\/\" rel=\"tag\">Smartphone in BMW E60 anschlie\u00dfen<\/a>, <a href=\"http:\/\/www.autoradio-adapter.eu\/blog\/tag\/smartphone-in-bmw-e61-anschliesen\/\" rel=\"tag\">Smartphone in BMW E61 anschlie\u00dfen<\/a>, <a href=\"http:\/\/www.autoradio-adapter.eu\/blog\/tag\/smartphone-mit-bmw-5er-radio-steuern\/\" rel=\"tag\">Smartphone mit BMW 5er Radio steuern<\/a>, <a href=\"http:\/\/www.autoradio-adapter.eu\/blog\/tag\/smartphone-mit-bmw-e60-radio-steuern\/\" rel=\"tag\">Smartphone mit BMW E60 Radio steuern<\/a>, <a href=\"http:\/\/www.autoradio-adapter.eu\/blog\/tag\/smartphone-mit-bmw-e61-radio-steuern\/\" rel=\"tag\">Smartphone mit BMW E61 Radio steuern<\/a>, <a href=\"http:\/\/www.autoradio-adapter.eu\/blog\/tag\/usb-schnittstelle-im-bmw\/\" rel=\"tag\">USB Schnittstelle im BMW<\/a>, <a href=\"http:\/\/www.autoradio-adapter.eu\/blog\/tag\/usb-sticks-im-bmw-anschliesen\/\" rel=\"tag\">USB-Sticks im BMW anschlie\u00dfen<\/a><\/p>\n","protected":false},"excerpt":{"rendered":"<p>Wie kann man ein Smartphone iPod oder iPad \u00fcber die USB-Audio USB Schnittstelle im BMW 5er E60, E61, F07 GT, [&hellip;]<\/p>\n","protected":false},"author":2,"featured_media":166,"comment_status":"open","ping_status":"open","sticky":false,"template":"","format":"standard","meta":{"jetpack_post_was_ever_published":false,"_jetpack_newsletter_access":"","_jetpack_dont_email_post_to_subs":false,"_jetpack_newsletter_tier_id":0,"_jetpack_memberships_contains_paywalled_content":false,"_jetpack_memberships_contains_paid_content":false,"footnotes":"","jetpack_publicize_message":"","jetpack_publicize_feature_enabled":true,"jetpack_social_post_already_shared":false,"jetpack_social_options":{"image_generator_settings":{"template":"highway","default_image_id":0,"font":"","enabled":false},"version":2}},"categories":[1,9,520],"tags":[108,156,164,212,220,228,109,157,165,213,221,229,110,158,166,214,222,230,111,159,167,215,223,231,112,160,168,216,224,232,113,161,169,217,225,233,114,162,170,218,226,234,115,163,171,219,227,235,99,103],"class_list":["post-162","post","type-post","status-publish","format-standard","has-post-thumbnail","hentry","category-allgemein","category-autoradio-einbau-tipps","category-bmw-autoradio-einbau-tipps","tag-apple-iphone-im-bmw-5er-anschliesen","tag-apple-iphone-im-bmw-e60-anschliesen","tag-apple-iphone-im-bmw-e61-anschliesen","tag-apple-iphone-im-bmw-f07-anschliesen","tag-apple-iphone-im-bmw-f10-anschliesen","tag-apple-iphone-im-bmw-fgt-anschliesen","tag-apple-iphone-mit-bmw-5er-radio-steuern","tag-apple-iphone-mit-bmw-e60-radio-steuern","tag-apple-iphone-mit-bmw-e61-radio-steuern","tag-apple-iphone-mit-bmw-f07-radio-steuern","tag-apple-iphone-mit-bmw-f10-radio-steuern","tag-apple-iphone-mit-bmw-fgt-radio-steuern","tag-apple-ipods-im-bmw-5er-anschliesen","tag-apple-ipods-im-bmw-e60-anschliesen","tag-apple-ipods-im-bmw-e61-anschliesen","tag-apple-ipods-im-bmw-f07-anschliesen","tag-apple-ipods-im-bmw-f10-anschliesen","tag-apple-ipods-im-bmw-fgt-anschliesen","tag-bmw-5er-usb-anschluss","tag-bmw-e60-usb-anschluss","tag-bmw-e61-usb-anschluss","tag-bmw-f07-usb-anschluss","tag-bmw-f10-usb-anschluss","tag-bmw-fgt-usb-anschluss","tag-mobile-endgerate-an-bmw-5er-anschliesen","tag-mobile-endgerate-an-bmw-e60-anschliesen","tag-mobile-endgerate-an-bmw-e61-anschliesen","tag-mobile-endgerate-an-bmw-f07-anschliesen","tag-mobile-endgerate-an-bmw-f10-anschliesen","tag-mobile-endgerate-an-bmw-fgt-anschliesen","tag-pdas-oder-mp3-player-im-bmw-5er-anschliesen","tag-pdas-oder-mp3-player-im-bmw-e60-anschliesen","tag-pdas-oder-mp3-player-im-bmw-e61-anschliesen","tag-pdas-oder-mp3-player-im-bmw-f07-anschliesen","tag-pdas-oder-mp3-player-im-bmw-f10-anschliesen","tag-pdas-oder-mp3-player-im-bmw-fgt-anschliesen","tag-smartphone-in-bmw-5er-anschliesen","tag-smartphone-in-bmw-e60-anschliesen","tag-smartphone-in-bmw-e61-anschliesen","tag-smartphone-in-bmw-f07-anschliesen","tag-smartphone-in-bmw-f10-anschliesen","tag-smartphone-in-bmw-fgt-anschliesen","tag-smartphone-mit-bmw-5er-radio-steuern","tag-smartphone-mit-bmw-e60-radio-steuern","tag-smartphone-mit-bmw-e61-radio-steuern","tag-smartphone-mit-bmw-f07-radio-steuern","tag-smartphone-mit-bmw-f10-radio-steuern","tag-smartphone-mit-bmw-fgt-radio-steuern","tag-usb-schnittstelle-im-bmw","tag-usb-sticks-im-bmw-anschliesen","has-featured-image","landscape"],"jetpack_publicize_connections":[],"jetpack_featured_media_url":"https:\/\/www.autoradio-adapter.eu\/blog\/wp-content\/uploads\/2013\/04\/5er-2.jpg","jetpack_shortlink":"https:\/\/wp.me\/p3stRu-2C","jetpack_sharing_enabled":true,"_links":{"self":[{"href":"https:\/\/www.autoradio-adapter.eu\/blog\/wp-json\/wp\/v2\/posts\/162","targetHints":{"allow":["GET"]}}],"collection":[{"href":"https:\/\/www.autoradio-adapter.eu\/blog\/wp-json\/wp\/v2\/posts"}],"about":[{"href":"https:\/\/www.autoradio-adapter.eu\/blog\/wp-json\/wp\/v2\/types\/post"}],"author":[{"embeddable":true,"href":"https:\/\/www.autoradio-adapter.eu\/blog\/wp-json\/wp\/v2\/users\/2"}],"replies":[{"embeddable":true,"href":"https:\/\/www.autoradio-adapter.eu\/blog\/wp-json\/wp\/v2\/comments?post=162"}],"version-history":[{"count":0,"href":"https:\/\/www.autoradio-adapter.eu\/blog\/wp-json\/wp\/v2\/posts\/162\/revisions"}],"wp:featuredmedia":[{"embeddable":true,"href":"https:\/\/www.autoradio-adapter.eu\/blog\/wp-json\/wp\/v2\/media\/166"}],"wp:attachment":[{"href":"https:\/\/www.autoradio-adapter.eu\/blog\/wp-json\/wp\/v2\/media?parent=162"}],"wp:term":[{"taxonomy":"category","embeddable":true,"href":"https:\/\/www.autoradio-adapter.eu\/blog\/wp-json\/wp\/v2\/categories?post=162"},{"taxonomy":"post_tag","embeddable":true,"href":"https:\/\/www.autoradio-adapter.eu\/blog\/wp-json\/wp\/v2\/tags?post=162"}],"curies":[{"name":"wp","href":"https:\/\/api.w.org\/{rel}","templated":true}]}}