{"id":183,"date":"2013-04-24T23:47:56","date_gmt":"2013-04-24T21:47:56","guid":{"rendered":"http:\/\/www.autoradio-adapter.eu\/blog\/?p=183"},"modified":"2015-04-25T10:17:16","modified_gmt":"2015-04-25T08:17:16","slug":"smartphone-ipad-bmw-3er-e90-e91-e92-e93-anschliesen","status":"publish","type":"post","link":"https:\/\/www.autoradio-adapter.eu\/blog\/smartphone-ipad-bmw-3er-e90-e91-e92-e93-anschliesen\/","title":{"rendered":"Smartphone, iPad BMW 3er E90 E91 E92 E93 anschlie\u00dfen"},"content":{"rendered":"<h2>Wie kann man ein Smartphone iPod oder iPad \u00fcber die USB-Audio USB Schnittstelle im BMW 3er E90 E91 E92 E93 2005 &#8211;\u00a0Heute anschlie\u00dfen!<\/h2>\n<p>&nbsp;<\/p>\n<p>Mit dem bereits integrierten USB-Anschluss in der Mittelkonsole k\u00f6nnen die Player oder ein Apple iPhone direkt gesteuert werden. BMW bietet eine sehr gute\u00a0 Voraussetzung, um mobile Ger\u00e4te wie Smartphone, Mobiltelefone, PDAs oder MP3-Player zu nutzen. Verbunden werden Sie per USB! Denn nahezu alle g\u00e4ngigen MP3-Player, Apple iPods und USB-Sticks k\u00f6nnen nahtlos in das BMW-Audiosystem integriert werden. Die Anzeige der Titel erfolgt am Control- oder Radio-Display.<\/p>\n<p><!--more--><\/p>\n<p><a title=\"iPod, iPhone Kabel, Anschlusskabel BMW E90\" href=\"http:\/\/www.car-hifi-radio-adapter.eu\/ipod-kabel\/bmw-3er-e90-e91-e92-e93-und-lci-ipod-iphone-kabel.html\" target=\"_blank\" rel=\"noopener\"><img loading=\"lazy\" decoding=\"async\" src=\"http:\/\/www.autoradio-adapter.eu\/blog\/wp-content\/uploads\/2013\/04\/14291.jpg\" alt=\"14291\" width=\"492\" height=\"418\" \/><\/a><\/p>\n<p>iPod, iPhone Kabel, Anschlusskabel<\/p>\n<p>&nbsp;<\/p>\n<p>Ein einfacher Adapter erm\u00f6glicht den Anschluss an diese Ger\u00e4te!<\/p>\n<p><a href=\"http:\/\/www.autoradio-adapter.eu\/blog\/wp-content\/uploads\/2013\/04\/E90radio2jpg.jpg\"><img loading=\"lazy\" decoding=\"async\" class=\"alignnone size-full wp-image-184\" src=\"http:\/\/www.autoradio-adapter.eu\/blog\/wp-content\/uploads\/2013\/04\/E90radio2jpg.jpg\" alt=\"E90radio2jpg\" width=\"600\" height=\"450\" srcset=\"https:\/\/www.autoradio-adapter.eu\/blog\/wp-content\/uploads\/2013\/04\/E90radio2jpg.jpg 600w, https:\/\/www.autoradio-adapter.eu\/blog\/wp-content\/uploads\/2013\/04\/E90radio2jpg-300x225.jpg 300w\" sizes=\"auto, (max-width: 600px) 100vw, 600px\" \/><\/a><\/p>\n<p>Deckelabheben und das Kabel anstecken, es kann entweder mit dem iPad, iPod oder iPhone verbunden werden!<\/p>\n<p><a href=\"http:\/\/www.autoradio-adapter.eu\/blog\/wp-content\/uploads\/2013\/04\/E60ipod.jpg\"><img loading=\"lazy\" decoding=\"async\" src=\"http:\/\/www.autoradio-adapter.eu\/blog\/wp-content\/uploads\/2013\/04\/E60ipod.jpg\" alt=\"E60ipod\" width=\"600\" height=\"335\" \/><\/a><\/p>\n<p>Die Steuerung des Men\u00fcs kann \u00fcber iDrive Controller, Multifunktionslenkrad oder das BMW-Radio erfolgen.<\/p>\n<p><a href=\"http:\/\/www.autoradio-adapter.eu\/blog\/wp-content\/uploads\/2013\/04\/E90radio.jpg\"><img loading=\"lazy\" decoding=\"async\" class=\"alignnone size-full wp-image-185\" src=\"http:\/\/www.autoradio-adapter.eu\/blog\/wp-content\/uploads\/2013\/04\/E90radio.jpg\" alt=\"E90radio\" width=\"600\" height=\"450\" srcset=\"https:\/\/www.autoradio-adapter.eu\/blog\/wp-content\/uploads\/2013\/04\/E90radio.jpg 600w, https:\/\/www.autoradio-adapter.eu\/blog\/wp-content\/uploads\/2013\/04\/E90radio-300x225.jpg 300w\" sizes=\"auto, (max-width: 600px) 100vw, 600px\" \/><\/a><\/p>\n<p>&nbsp;<\/p>\n<p>Schalten Sie das Radio ein und gehen Sie auf die Position AUX im Display!<\/p>\n<p><a href=\"http:\/\/www.autoradio-adapter.eu\/blog\/wp-content\/uploads\/2013\/04\/e60-aux.jpg\"><img loading=\"lazy\" decoding=\"async\" src=\"http:\/\/www.autoradio-adapter.eu\/blog\/wp-content\/uploads\/2013\/04\/e60-aux.jpg\" alt=\"e60-aux\" width=\"600\" height=\"335\" \/><\/a><\/p>\n<p>Der Name des Smartphone zum Beispiel wird angezeigt Sie haben die Option Genre, K\u00fcnstler oder Album und Titel zu w\u00e4hlen!<\/p>\n<p>&nbsp;<\/p>\n<p>Tags: <a href=\"http:\/\/www.autoradio-adapter.eu\/blog\/tag\/apple-iphone-im-bmw-3er-anschliesen\/\" rel=\"tag\">Apple iPhone im BMW 3er anschlie\u00dfen<\/a>, <a href=\"http:\/\/www.autoradio-adapter.eu\/blog\/tag\/apple-iphone-im-bmw-e90-anschliesen\/\" rel=\"tag\">Apple iPhone im BMW E90 anschlie\u00dfen<\/a>, <a href=\"http:\/\/www.autoradio-adapter.eu\/blog\/tag\/apple-iphone-im-bmw-e91-anschliesen\/\" rel=\"tag\">Apple iPhone im BMW E91 anschlie\u00dfen<\/a>, <a href=\"http:\/\/www.autoradio-adapter.eu\/blog\/tag\/apple-iphone-im-bmw-e92-anschliesen\/\" rel=\"tag\">Apple iPhone im BMW E92 anschlie\u00dfen<\/a>, <a href=\"http:\/\/www.autoradio-adapter.eu\/blog\/tag\/apple-iphone-im-bmw-e93-anschliesen\/\" rel=\"tag\">Apple iPhone im BMW E93 anschlie\u00dfen<\/a>, <a href=\"http:\/\/www.autoradio-adapter.eu\/blog\/tag\/apple-iphone-mit-bmw-3er-radio-steuern\/\" rel=\"tag\">Apple iPhone mit BMW 3er Radio steuern<\/a>, <a href=\"http:\/\/www.autoradio-adapter.eu\/blog\/tag\/apple-iphone-mit-bmw-e90-radio-steuern\/\" rel=\"tag\">Apple iPhone mit BMW E90 Radio steuern<\/a>, <a href=\"http:\/\/www.autoradio-adapter.eu\/blog\/tag\/apple-iphone-mit-bmw-e91-radio-steuern\/\" rel=\"tag\">Apple iPhone mit BMW E91 Radio steuern<\/a>, <a href=\"http:\/\/www.autoradio-adapter.eu\/blog\/tag\/apple-iphone-mit-bmw-e92-radio-steuern\/\" rel=\"tag\">Apple iPhone mit BMW E92 Radio steuern<\/a>, <a href=\"http:\/\/www.autoradio-adapter.eu\/blog\/tag\/apple-iphone-mit-bmw-e93-radio-steuern\/\" rel=\"tag\">Apple iPhone mit BMW E93 Radio steuern<\/a>, <a href=\"http:\/\/www.autoradio-adapter.eu\/blog\/tag\/apple-ipods-im-bmw-3er-anschliesen\/\" rel=\"tag\">Apple iPods im BMW 3er anschlie\u00dfen<\/a>, <a href=\"http:\/\/www.autoradio-adapter.eu\/blog\/tag\/apple-ipods-im-bmw-e90-anschliesen\/\" rel=\"tag\">Apple iPods im BMW E90 anschlie\u00dfen<\/a>, <a href=\"http:\/\/www.autoradio-adapter.eu\/blog\/tag\/apple-ipods-im-bmw-e91-anschliesen\/\" rel=\"tag\">Apple iPods im BMW E91 anschlie\u00dfen<\/a>, <a href=\"http:\/\/www.autoradio-adapter.eu\/blog\/tag\/apple-ipods-im-bmw-e92-anschliesen\/\" rel=\"tag\">Apple iPods im BMW E92 anschlie\u00dfen<\/a>, <a href=\"http:\/\/www.autoradio-adapter.eu\/blog\/tag\/apple-ipods-im-bmw-e93-anschliesen\/\" rel=\"tag\">Apple iPods im BMW E93 anschlie\u00dfen<\/a>, <a href=\"http:\/\/www.autoradio-adapter.eu\/blog\/tag\/bmw-3er-usb-anschluss\/\" rel=\"tag\">BMW 3er USB-Anschluss<\/a>, <a href=\"http:\/\/www.autoradio-adapter.eu\/blog\/tag\/bmw-e90-usb-anschluss\/\" rel=\"tag\">BMW E90 USB-Anschluss<\/a>, <a href=\"http:\/\/www.autoradio-adapter.eu\/blog\/tag\/bmw-e91-usb-anschluss\/\" rel=\"tag\">BMW E91 USB-Anschluss<\/a>, <a href=\"http:\/\/www.autoradio-adapter.eu\/blog\/tag\/bmw-e92-usb-anschluss\/\" rel=\"tag\">BMW E92 USB-Anschluss<\/a>, <a href=\"http:\/\/www.autoradio-adapter.eu\/blog\/tag\/bmw-e93-usb-anschluss\/\" rel=\"tag\">BMW E93 USB-Anschluss<\/a>, <a href=\"http:\/\/www.autoradio-adapter.eu\/blog\/tag\/mobile-endgerate-an-bmw-3er-anschliesen\/\" rel=\"tag\">Mobile Endger\u00e4te an BMW 3er anschlie\u00dfen<\/a>, <a href=\"http:\/\/www.autoradio-adapter.eu\/blog\/tag\/mobile-endgerate-an-bmw-e90-anschliesen\/\" rel=\"tag\">Mobile Endger\u00e4te an BMW E90 anschlie\u00dfen<\/a>, <a href=\"http:\/\/www.autoradio-adapter.eu\/blog\/tag\/mobile-endgerate-an-bmw-e91-anschliesen\/\" rel=\"tag\">Mobile Endger\u00e4te an BMW E91 anschlie\u00dfen<\/a>, <a href=\"http:\/\/www.autoradio-adapter.eu\/blog\/tag\/mobile-endgerate-an-bmw-e92-anschliesen\/\" rel=\"tag\">Mobile Endger\u00e4te an BMW E92 anschlie\u00dfen<\/a>, <a href=\"http:\/\/www.autoradio-adapter.eu\/blog\/tag\/mobile-endgerate-an-bmw-e93-anschliesen\/\" rel=\"tag\">Mobile Endger\u00e4te an BMW E93 anschlie\u00dfen<\/a>, <a href=\"http:\/\/www.autoradio-adapter.eu\/blog\/tag\/pdas-oder-mp3-player-im-bmw-3er-anschliesen\/\" rel=\"tag\">PDAs oder MP3-Player im BMW 3er anschlie\u00dfen<\/a>, <a href=\"http:\/\/www.autoradio-adapter.eu\/blog\/tag\/pdas-oder-mp3-player-im-bmw-e90-anschliesen\/\" rel=\"tag\">PDAs oder MP3-Player im BMW E90 anschlie\u00dfen<\/a>, <a href=\"http:\/\/www.autoradio-adapter.eu\/blog\/tag\/pdas-oder-mp3-player-im-bmw-e91-anschliesen\/\" rel=\"tag\">PDAs oder MP3-Player im BMW E91 anschlie\u00dfen<\/a>, <a href=\"http:\/\/www.autoradio-adapter.eu\/blog\/tag\/pdas-oder-mp3-player-im-bmw-e92-anschliesen\/\" rel=\"tag\">PDAs oder MP3-Player im BMW E92 anschlie\u00dfen<\/a>, <a href=\"http:\/\/www.autoradio-adapter.eu\/blog\/tag\/pdas-oder-mp3-player-im-bmw-e93-anschliesen\/\" rel=\"tag\">PDAs oder MP3-Player im BMW E93 anschlie\u00dfen<\/a>, <a href=\"http:\/\/www.autoradio-adapter.eu\/blog\/tag\/smartphone-in-bmw-3er-anschliesen\/\" rel=\"tag\">Smartphone in BMW 3er anschlie\u00dfen<\/a>, <a href=\"http:\/\/www.autoradio-adapter.eu\/blog\/tag\/smartphone-in-bmw-e90-anschliesen\/\" rel=\"tag\">Smartphone in BMW E90 anschlie\u00dfen<\/a>, <a href=\"http:\/\/www.autoradio-adapter.eu\/blog\/tag\/smartphone-in-bmw-e91-anschliesen\/\" rel=\"tag\">Smartphone in BMW E91 anschlie\u00dfen<\/a>, <a href=\"http:\/\/www.autoradio-adapter.eu\/blog\/tag\/smartphone-in-bmw-e92-anschliesen\/\" rel=\"tag\">Smartphone in BMW E92 anschlie\u00dfen<\/a>, <a href=\"http:\/\/www.autoradio-adapter.eu\/blog\/tag\/smartphone-in-bmw-e93-anschliesen\/\" rel=\"tag\">Smartphone in BMW E93 anschlie\u00dfen<\/a>, <a href=\"http:\/\/www.autoradio-adapter.eu\/blog\/tag\/smartphone-mit-bmw-3er-radio-steuern\/\" rel=\"tag\">Smartphone mit BMW 3er Radio steuern<\/a>, <a href=\"http:\/\/www.autoradio-adapter.eu\/blog\/tag\/smartphone-mit-bmw-e90-radio-steuern\/\" rel=\"tag\">Smartphone mit BMW E90 Radio steuern<\/a>, <a href=\"http:\/\/www.autoradio-adapter.eu\/blog\/tag\/smartphone-mit-bmw-e91-radio-steuern\/\" rel=\"tag\">Smartphone mit BMW E91 Radio steuern<\/a>, <a href=\"http:\/\/www.autoradio-adapter.eu\/blog\/tag\/smartphone-mit-bmw-e92-radio-steuern\/\" rel=\"tag\">Smartphone mit BMW E92 Radio steuern<\/a>, <a href=\"http:\/\/www.autoradio-adapter.eu\/blog\/tag\/smartphone-mit-bmw-e93-radio-steuern\/\" rel=\"tag\">Smartphone mit BMW E93 Radio steuern<\/a>, <a href=\"http:\/\/www.autoradio-adapter.eu\/blog\/tag\/usb-schnittstelle-im-bmw\/\" rel=\"tag\">USB Schnittstelle im BMW<\/a>, <a href=\"http:\/\/www.autoradio-adapter.eu\/blog\/tag\/usb-sticks-im-bmw-anschliesen\/\" rel=\"tag\">USB-Sticks im BMW anschlie\u00dfen<\/a><\/p>\n","protected":false},"excerpt":{"rendered":"<p>Wie kann man ein Smartphone iPod oder iPad \u00fcber die USB-Audio USB Schnittstelle im BMW 3er E90 E91 E92 E93 [&hellip;]<\/p>\n","protected":false},"author":2,"featured_media":186,"comment_status":"open","ping_status":"open","sticky":false,"template":"","format":"standard","meta":{"jetpack_post_was_ever_published":false,"_jetpack_newsletter_access":"","_jetpack_dont_email_post_to_subs":false,"_jetpack_newsletter_tier_id":0,"_jetpack_memberships_contains_paywalled_content":false,"_jetpack_memberships_contains_paid_content":false,"footnotes":"","jetpack_publicize_message":"","jetpack_publicize_feature_enabled":true,"jetpack_social_post_already_shared":false,"jetpack_social_options":{"image_generator_settings":{"template":"highway","default_image_id":0,"font":"","enabled":false},"version":2}},"categories":[1,9,520],"tags":[116,124,132,140,148,117,125,133,141,149,118,126,134,142,150,119,127,135,143,151,120,128,136,144,152,121,129,137,145,153,122,130,138,146,154,123,131,139,147,155,99,103],"class_list":["post-183","post","type-post","status-publish","format-standard","has-post-thumbnail","hentry","category-allgemein","category-autoradio-einbau-tipps","category-bmw-autoradio-einbau-tipps","tag-apple-iphone-im-bmw-3er-anschliesen","tag-apple-iphone-im-bmw-e90-anschliesen","tag-apple-iphone-im-bmw-e91-anschliesen","tag-apple-iphone-im-bmw-e92-anschliesen","tag-apple-iphone-im-bmw-e93-anschliesen","tag-apple-iphone-mit-bmw-3er-radio-steuern","tag-apple-iphone-mit-bmw-e90-radio-steuern","tag-apple-iphone-mit-bmw-e91-radio-steuern","tag-apple-iphone-mit-bmw-e92-radio-steuern","tag-apple-iphone-mit-bmw-e93-radio-steuern","tag-apple-ipods-im-bmw-3er-anschliesen","tag-apple-ipods-im-bmw-e90-anschliesen","tag-apple-ipods-im-bmw-e91-anschliesen","tag-apple-ipods-im-bmw-e92-anschliesen","tag-apple-ipods-im-bmw-e93-anschliesen","tag-bmw-3er-usb-anschluss","tag-bmw-e90-usb-anschluss","tag-bmw-e91-usb-anschluss","tag-bmw-e92-usb-anschluss","tag-bmw-e93-usb-anschluss","tag-mobile-endgerate-an-bmw-3er-anschliesen","tag-mobile-endgerate-an-bmw-e90-anschliesen","tag-mobile-endgerate-an-bmw-e91-anschliesen","tag-mobile-endgerate-an-bmw-e92-anschliesen","tag-mobile-endgerate-an-bmw-e93-anschliesen","tag-pdas-oder-mp3-player-im-bmw-3er-anschliesen","tag-pdas-oder-mp3-player-im-bmw-e90-anschliesen","tag-pdas-oder-mp3-player-im-bmw-e91-anschliesen","tag-pdas-oder-mp3-player-im-bmw-e92-anschliesen","tag-pdas-oder-mp3-player-im-bmw-e93-anschliesen","tag-smartphone-in-bmw-3er-anschliesen","tag-smartphone-in-bmw-e90-anschliesen","tag-smartphone-in-bmw-e91-anschliesen","tag-smartphone-in-bmw-e92-anschliesen","tag-smartphone-in-bmw-e93-anschliesen","tag-smartphone-mit-bmw-3er-radio-steuern","tag-smartphone-mit-bmw-e90-radio-steuern","tag-smartphone-mit-bmw-e91-radio-steuern","tag-smartphone-mit-bmw-e92-radio-steuern","tag-smartphone-mit-bmw-e93-radio-steuern","tag-usb-schnittstelle-im-bmw","tag-usb-sticks-im-bmw-anschliesen","has-featured-image","landscape"],"jetpack_publicize_connections":[],"jetpack_featured_media_url":"https:\/\/www.autoradio-adapter.eu\/blog\/wp-content\/uploads\/2013\/04\/E90auto.jpg","jetpack_shortlink":"https:\/\/wp.me\/p3stRu-2X","jetpack_sharing_enabled":true,"_links":{"self":[{"href":"https:\/\/www.autoradio-adapter.eu\/blog\/wp-json\/wp\/v2\/posts\/183","targetHints":{"allow":["GET"]}}],"collection":[{"href":"https:\/\/www.autoradio-adapter.eu\/blog\/wp-json\/wp\/v2\/posts"}],"about":[{"href":"https:\/\/www.autoradio-adapter.eu\/blog\/wp-json\/wp\/v2\/types\/post"}],"author":[{"embeddable":true,"href":"https:\/\/www.autoradio-adapter.eu\/blog\/wp-json\/wp\/v2\/users\/2"}],"replies":[{"embeddable":true,"href":"https:\/\/www.autoradio-adapter.eu\/blog\/wp-json\/wp\/v2\/comments?post=183"}],"version-history":[{"count":0,"href":"https:\/\/www.autoradio-adapter.eu\/blog\/wp-json\/wp\/v2\/posts\/183\/revisions"}],"wp:featuredmedia":[{"embeddable":true,"href":"https:\/\/www.autoradio-adapter.eu\/blog\/wp-json\/wp\/v2\/media\/186"}],"wp:attachment":[{"href":"https:\/\/www.autoradio-adapter.eu\/blog\/wp-json\/wp\/v2\/media?parent=183"}],"wp:term":[{"taxonomy":"category","embeddable":true,"href":"https:\/\/www.autoradio-adapter.eu\/blog\/wp-json\/wp\/v2\/categories?post=183"},{"taxonomy":"post_tag","embeddable":true,"href":"https:\/\/www.autoradio-adapter.eu\/blog\/wp-json\/wp\/v2\/tags?post=183"}],"curies":[{"name":"wp","href":"https:\/\/api.w.org\/{rel}","templated":true}]}}