{"id":194,"date":"2013-04-25T09:29:33","date_gmt":"2013-04-25T07:29:33","guid":{"rendered":"http:\/\/www.autoradio-adapter.eu\/blog\/?p=194"},"modified":"2015-04-25T10:16:46","modified_gmt":"2015-04-25T08:16:46","slug":"smartphone-oder-ipad-mit-bmw-1er-radio-steuern","status":"publish","type":"post","link":"https:\/\/www.autoradio-adapter.eu\/blog\/smartphone-oder-ipad-mit-bmw-1er-radio-steuern\/","title":{"rendered":"Smartphone oder iPad mit BMW 1er Radio steuern"},"content":{"rendered":"<h2>Wie kann man ein Smartphone, iPod oder iPad \u00fcber die USB-Audio USB Schnittstelle im BMW 1er E81, E82, E87, E87 LCI, E88 2004 &#8211; Heute anschlie\u00dfen!<\/h2>\n<p>&nbsp;<\/p>\n<p>Mit dem bereits integrierten USB-Anschluss in der Mittelkonsole k\u00f6nnen die Player oder ein Apple iPhone direkt gesteuert werden. BMW bietet eine sehr gute\u00a0 Voraussetzung, um mobile Ger\u00e4te wie Smartphone, Mobiltelefone, PDAs oder MP3-Player zu nutzen. Verbunden werden Sie per USB! Denn nahezu alle g\u00e4ngigen MP3-Player, Apple iPods und USB-Sticks k\u00f6nnen nahtlos in das BMW-Audiosystem integriert werden. Die Anzeige der Titel erfolgt am Control- oder Radio-Display.<\/p>\n<p><!--more--><\/p>\n<p><a title=\"iPod, iPhone Kabel, Anschlusskabel BMW E90\" href=\"http:\/\/www.car-hifi-radio-adapter.eu\/ipod-kabel\/bmw-3er-e90-e91-e92-e93-und-lci-ipod-iphone-kabel.html\" target=\"_blank\" rel=\"noopener\"><img loading=\"lazy\" decoding=\"async\" src=\"http:\/\/www.autoradio-adapter.eu\/blog\/wp-content\/uploads\/2013\/04\/14291.jpg\" alt=\"14291\" width=\"492\" height=\"418\" \/><\/a><\/p>\n<p>iPod, iPhone Kabel, Anschlusskabel<\/p>\n<p>&nbsp;<\/p>\n<p>Ein einfacher Adapter erm\u00f6glicht den Anschluss an diese Ger\u00e4te!<\/p>\n<p><a href=\"http:\/\/www.autoradio-adapter.eu\/blog\/wp-content\/uploads\/2013\/04\/1erradio2.jpg\"><img loading=\"lazy\" decoding=\"async\" class=\"alignnone size-full wp-image-195\" src=\"http:\/\/www.autoradio-adapter.eu\/blog\/wp-content\/uploads\/2013\/04\/1erradio2.jpg\" alt=\"1erradio2\" width=\"600\" height=\"450\" srcset=\"https:\/\/www.autoradio-adapter.eu\/blog\/wp-content\/uploads\/2013\/04\/1erradio2.jpg 600w, https:\/\/www.autoradio-adapter.eu\/blog\/wp-content\/uploads\/2013\/04\/1erradio2-300x225.jpg 300w\" sizes=\"auto, (max-width: 600px) 100vw, 600px\" \/><\/a><\/p>\n<p><a href=\"http:\/\/www.autoradio-adapter.eu\/blog\/wp-content\/uploads\/2013\/04\/1erradio4.jpg\"><img loading=\"lazy\" decoding=\"async\" class=\"alignnone size-full wp-image-196\" src=\"http:\/\/www.autoradio-adapter.eu\/blog\/wp-content\/uploads\/2013\/04\/1erradio4.jpg\" alt=\"1erradio4\" width=\"600\" height=\"400\" srcset=\"https:\/\/www.autoradio-adapter.eu\/blog\/wp-content\/uploads\/2013\/04\/1erradio4.jpg 600w, https:\/\/www.autoradio-adapter.eu\/blog\/wp-content\/uploads\/2013\/04\/1erradio4-300x200.jpg 300w\" sizes=\"auto, (max-width: 600px) 100vw, 600px\" \/><\/a><\/p>\n<p>An der USB Schnittstelle\u00a0das Kabel anstecken, es kann entweder mit dem iPad, iPod oder iPhone verbunden werden!<\/p>\n<p><a href=\"http:\/\/www.autoradio-adapter.eu\/blog\/wp-content\/uploads\/2013\/04\/E60ipod.jpg\"><img loading=\"lazy\" decoding=\"async\" src=\"http:\/\/www.autoradio-adapter.eu\/blog\/wp-content\/uploads\/2013\/04\/E60ipod.jpg\" alt=\"E60ipod\" width=\"600\" height=\"335\" \/><\/a><\/p>\n<p>&nbsp;<\/p>\n<p>Die Steuerung des Men\u00fcs kann \u00fcber <strong>iDrive Controller<\/strong>, <strong>Multifunktionslenkrad<\/strong> oder das <strong>BMW-Radio<\/strong> erfolgen.<\/p>\n<p>&nbsp;<\/p>\n<p><a href=\"http:\/\/www.autoradio-adapter.eu\/blog\/wp-content\/uploads\/2013\/04\/E90radio.jpg\"><img loading=\"lazy\" decoding=\"async\" src=\"http:\/\/www.autoradio-adapter.eu\/blog\/wp-content\/uploads\/2013\/04\/E90radio.jpg\" alt=\"E90radio\" width=\"600\" height=\"450\" \/><\/a><\/p>\n<p>&nbsp;<\/p>\n<p>Schalten Sie das Radio ein und gehen Sie auf die Position AUX im Display!<\/p>\n<p><a href=\"http:\/\/www.autoradio-adapter.eu\/blog\/wp-content\/uploads\/2013\/04\/e60-aux.jpg\"><img loading=\"lazy\" decoding=\"async\" src=\"http:\/\/www.autoradio-adapter.eu\/blog\/wp-content\/uploads\/2013\/04\/e60-aux.jpg\" alt=\"e60-aux\" width=\"600\" height=\"335\" \/><\/a><\/p>\n<p><a href=\"http:\/\/www.autoradio-adapter.eu\/blog\/wp-content\/uploads\/2013\/04\/1eranzeige.jpg\"><img loading=\"lazy\" decoding=\"async\" class=\"alignnone size-full wp-image-197\" style=\"width: 601px; height: 282px;\" src=\"http:\/\/www.autoradio-adapter.eu\/blog\/wp-content\/uploads\/2013\/04\/1eranzeige.jpg\" alt=\"1eranzeige\" width=\"641\" height=\"296\" srcset=\"https:\/\/www.autoradio-adapter.eu\/blog\/wp-content\/uploads\/2013\/04\/1eranzeige.jpg 641w, https:\/\/www.autoradio-adapter.eu\/blog\/wp-content\/uploads\/2013\/04\/1eranzeige-300x138.jpg 300w\" sizes=\"auto, (max-width: 641px) 100vw, 641px\" \/><\/a><\/p>\n<p>Der Name des Smartphone zum Beispiel wird angezeigt Sie haben die Option Genre, K\u00fcnstler oder Album und Titel zu w\u00e4hlen!<\/p>\n<p>&nbsp;<\/p>\n<p>Tags: <a href=\"http:\/\/www.autoradio-adapter.eu\/blog\/tag\/apple-iphone-im-bmw-1er-anschliesen\/\" rel=\"tag\">Apple iPhone im BMW 1er anschlie\u00dfen<\/a>, <a href=\"http:\/\/www.autoradio-adapter.eu\/blog\/tag\/apple-iphone-im-bmw-e81-anschliesen\/\" rel=\"tag\">Apple iPhone im BMW E81 anschlie\u00dfen<\/a>, <a href=\"http:\/\/www.autoradio-adapter.eu\/blog\/tag\/apple-iphone-im-bmw-e82-anschliesen\/\" rel=\"tag\">Apple iPhone im BMW E82 anschlie\u00dfen<\/a>, <a href=\"http:\/\/www.autoradio-adapter.eu\/blog\/tag\/apple-iphone-im-bmw-e87-anschliesen\/\" rel=\"tag\">Apple iPhone im BMW E87 anschlie\u00dfen<\/a>, <a href=\"http:\/\/www.autoradio-adapter.eu\/blog\/tag\/apple-iphone-im-bmw-e88-anschliesen\/\" rel=\"tag\">Apple iPhone im BMW E88 anschlie\u00dfen<\/a>, <a href=\"http:\/\/www.autoradio-adapter.eu\/blog\/tag\/apple-iphone-mit-bmw-1er-radio-steuern\/\" rel=\"tag\">Apple iPhone mit BMW 1er Radio steuern<\/a>, <a href=\"http:\/\/www.autoradio-adapter.eu\/blog\/tag\/apple-iphone-mit-bmw-e81-radio-steuern\/\" rel=\"tag\">Apple iPhone mit BMW E81 Radio steuern<\/a>, <a href=\"http:\/\/www.autoradio-adapter.eu\/blog\/tag\/apple-iphone-mit-bmw-e82-radio-steuern\/\" rel=\"tag\">Apple iPhone mit BMW E82 Radio steuern<\/a>, <a href=\"http:\/\/www.autoradio-adapter.eu\/blog\/tag\/apple-iphone-mit-bmw-e87-radio-steuern\/\" rel=\"tag\">Apple iPhone mit BMW E87 Radio steuern<\/a>, <a href=\"http:\/\/www.autoradio-adapter.eu\/blog\/tag\/apple-iphone-mit-bmw-e88-radio-steuern\/\" rel=\"tag\">Apple iPhone mit BMW E88 Radio steuern<\/a>, <a href=\"http:\/\/www.autoradio-adapter.eu\/blog\/tag\/apple-ipods-im-bmw-1er-anschliesen\/\" rel=\"tag\">Apple iPods im BMW 1er anschlie\u00dfen<\/a>, <a href=\"http:\/\/www.autoradio-adapter.eu\/blog\/tag\/apple-ipods-im-bmw-e81-anschliesen\/\" rel=\"tag\">Apple iPods im BMW E81 anschlie\u00dfen<\/a>, <a href=\"http:\/\/www.autoradio-adapter.eu\/blog\/tag\/apple-ipods-im-bmw-e82-anschliesen\/\" rel=\"tag\">Apple iPods im BMW E82 anschlie\u00dfen<\/a>, <a href=\"http:\/\/www.autoradio-adapter.eu\/blog\/tag\/apple-ipods-im-bmw-e87-anschliesen\/\" rel=\"tag\">Apple iPods im BMW E87 anschlie\u00dfen<\/a>, <a href=\"http:\/\/www.autoradio-adapter.eu\/blog\/tag\/apple-ipods-im-bmw-e88-anschliesen\/\" rel=\"tag\">Apple iPods im BMW E88 anschlie\u00dfen<\/a>, <a href=\"http:\/\/www.autoradio-adapter.eu\/blog\/tag\/bmw-1er-usb-anschluss\/\" rel=\"tag\">BMW 1er USB-Anschluss<\/a>, <a href=\"http:\/\/www.autoradio-adapter.eu\/blog\/tag\/bmw-e81-usb-anschluss\/\" rel=\"tag\">BMW E81 USB-Anschluss<\/a>, <a href=\"http:\/\/www.autoradio-adapter.eu\/blog\/tag\/bmw-e82-usb-anschluss\/\" rel=\"tag\">BMW E82 USB-Anschluss<\/a>, <a href=\"http:\/\/www.autoradio-adapter.eu\/blog\/tag\/bmw-e87-usb-anschluss\/\" rel=\"tag\">BMW E87 USB-Anschluss<\/a>, <a href=\"http:\/\/www.autoradio-adapter.eu\/blog\/tag\/bmw-e88-usb-anschluss\/\" rel=\"tag\">BMW E88 USB-Anschluss<\/a>, <a href=\"http:\/\/www.autoradio-adapter.eu\/blog\/tag\/mobile-endgerate-an-bmw-1er-anschliesen\/\" rel=\"tag\">Mobile Endger\u00e4te an BMW 1er anschlie\u00dfen<\/a>, <a href=\"http:\/\/www.autoradio-adapter.eu\/blog\/tag\/mobile-endgerate-an-bmw-e81-anschliesen\/\" rel=\"tag\">Mobile Endger\u00e4te an BMW E81 anschlie\u00dfen<\/a>, <a href=\"http:\/\/www.autoradio-adapter.eu\/blog\/tag\/mobile-endgerate-an-bmw-e82-anschliesen\/\" rel=\"tag\">Mobile Endger\u00e4te an BMW E82 anschlie\u00dfen<\/a>, <a href=\"http:\/\/www.autoradio-adapter.eu\/blog\/tag\/mobile-endgerate-an-bmw-e87-anschliesen\/\" rel=\"tag\">Mobile Endger\u00e4te an BMW E87 anschlie\u00dfen<\/a>, <a href=\"http:\/\/www.autoradio-adapter.eu\/blog\/tag\/mobile-endgerate-an-bmw-e88-anschliesen\/\" rel=\"tag\">Mobile Endger\u00e4te an BMW E88 anschlie\u00dfen<\/a>, <a href=\"http:\/\/www.autoradio-adapter.eu\/blog\/tag\/pdas-oder-mp3-player-im-bmw-1er-anschliesen\/\" rel=\"tag\">PDAs oder MP3-Player im BMW 1er anschlie\u00dfen<\/a>, <a href=\"http:\/\/www.autoradio-adapter.eu\/blog\/tag\/pdas-oder-mp3-player-im-bmw-e81-anschliesen\/\" rel=\"tag\">PDAs oder MP3-Player im BMW E81 anschlie\u00dfen<\/a>, <a href=\"http:\/\/www.autoradio-adapter.eu\/blog\/tag\/pdas-oder-mp3-player-im-bmw-e82-anschliesen\/\" rel=\"tag\">PDAs oder MP3-Player im BMW E82 anschlie\u00dfen<\/a>, <a href=\"http:\/\/www.autoradio-adapter.eu\/blog\/tag\/pdas-oder-mp3-player-im-bmw-e87-anschliesen\/\" rel=\"tag\">PDAs oder MP3-Player im BMW E87 anschlie\u00dfen<\/a>, <a href=\"http:\/\/www.autoradio-adapter.eu\/blog\/tag\/pdas-oder-mp3-player-im-bmw-e88-anschliesen\/\" rel=\"tag\">PDAs oder MP3-Player im BMW E88 anschlie\u00dfen<\/a>, <a href=\"http:\/\/www.autoradio-adapter.eu\/blog\/tag\/smartphone-in-bmw-1er-anschliesen\/\" rel=\"tag\">Smartphone in BMW 1er anschlie\u00dfen<\/a>, <a href=\"http:\/\/www.autoradio-adapter.eu\/blog\/tag\/smartphone-in-bmw-e81-anschliesen\/\" rel=\"tag\">Smartphone in BMW E81 anschlie\u00dfen<\/a>, <a href=\"http:\/\/www.autoradio-adapter.eu\/blog\/tag\/smartphone-in-bmw-e82-anschliesen\/\" rel=\"tag\">Smartphone in BMW E82 anschlie\u00dfen<\/a>, <a href=\"http:\/\/www.autoradio-adapter.eu\/blog\/tag\/smartphone-in-bmw-e87-anschliesen\/\" rel=\"tag\">Smartphone in BMW E87 anschlie\u00dfen<\/a>, <a href=\"http:\/\/www.autoradio-adapter.eu\/blog\/tag\/smartphone-in-bmw-e88-anschliesen\/\" rel=\"tag\">Smartphone in BMW E88 anschlie\u00dfen<\/a>, <a href=\"http:\/\/www.autoradio-adapter.eu\/blog\/tag\/smartphone-mit-bmw-1er-radio-steuern\/\" rel=\"tag\">Smartphone mit BMW 1er Radio steuern<\/a>, <a href=\"http:\/\/www.autoradio-adapter.eu\/blog\/tag\/smartphone-mit-bmw-e81-radio-steuern\/\" rel=\"tag\">Smartphone mit BMW E81 Radio steuern<\/a>, <a href=\"http:\/\/www.autoradio-adapter.eu\/blog\/tag\/smartphone-mit-bmw-e82-radio-steuern\/\" rel=\"tag\">Smartphone mit BMW E82 Radio steuern<\/a>, <a href=\"http:\/\/www.autoradio-adapter.eu\/blog\/tag\/smartphone-mit-bmw-e87-radio-steuern\/\" rel=\"tag\">Smartphone mit BMW E87 Radio steuern<\/a>, <a href=\"http:\/\/www.autoradio-adapter.eu\/blog\/tag\/smartphone-mit-bmw-e88-radio-steuern\/\" rel=\"tag\">Smartphone mit BMW E88 Radio steuern<\/a>, <a href=\"http:\/\/www.autoradio-adapter.eu\/blog\/tag\/usb-schnittstelle-im-bmw\/\" rel=\"tag\">USB Schnittstelle im BMW<\/a>, <a href=\"http:\/\/www.autoradio-adapter.eu\/blog\/tag\/usb-sticks-im-bmw-anschliesen\/\" rel=\"tag\">USB-Sticks im BMW anschlie\u00dfen<\/a><\/p>\n","protected":false},"excerpt":{"rendered":"<p>Wie kann man ein Smartphone, iPod oder iPad \u00fcber die USB-Audio USB Schnittstelle im BMW 1er E81, E82, E87, E87 [&hellip;]<\/p>\n","protected":false},"author":2,"featured_media":198,"comment_status":"open","ping_status":"open","sticky":false,"template":"","format":"standard","meta":{"jetpack_post_was_ever_published":false,"_jetpack_newsletter_access":"","_jetpack_dont_email_post_to_subs":false,"_jetpack_newsletter_tier_id":0,"_jetpack_memberships_contains_paywalled_content":false,"_jetpack_memberships_contains_paid_content":false,"footnotes":"","jetpack_publicize_message":"","jetpack_publicize_feature_enabled":true,"jetpack_social_post_already_shared":false,"jetpack_social_options":{"image_generator_settings":{"template":"highway","default_image_id":0,"font":"","enabled":false},"version":2}},"categories":[1,9,520],"tags":[172,173,188,196,204,174,175,189,197,205,176,177,190,198,206,178,179,191,199,207,180,181,192,200,208,182,183,193,201,209,184,185,194,202,210,186,187,195,203,211,99,103],"class_list":["post-194","post","type-post","status-publish","format-standard","has-post-thumbnail","hentry","category-allgemein","category-autoradio-einbau-tipps","category-bmw-autoradio-einbau-tipps","tag-apple-iphone-im-bmw-1er-anschliesen","tag-apple-iphone-im-bmw-e81-anschliesen","tag-apple-iphone-im-bmw-e82-anschliesen","tag-apple-iphone-im-bmw-e87-anschliesen","tag-apple-iphone-im-bmw-e88-anschliesen","tag-apple-iphone-mit-bmw-1er-radio-steuern","tag-apple-iphone-mit-bmw-e81-radio-steuern","tag-apple-iphone-mit-bmw-e82-radio-steuern","tag-apple-iphone-mit-bmw-e87-radio-steuern","tag-apple-iphone-mit-bmw-e88-radio-steuern","tag-apple-ipods-im-bmw-1er-anschliesen","tag-apple-ipods-im-bmw-e81-anschliesen","tag-apple-ipods-im-bmw-e82-anschliesen","tag-apple-ipods-im-bmw-e87-anschliesen","tag-apple-ipods-im-bmw-e88-anschliesen","tag-bmw-1er-usb-anschluss","tag-bmw-e81-usb-anschluss","tag-bmw-e82-usb-anschluss","tag-bmw-e87-usb-anschluss","tag-bmw-e88-usb-anschluss","tag-mobile-endgerate-an-bmw-1er-anschliesen","tag-mobile-endgerate-an-bmw-e81-anschliesen","tag-mobile-endgerate-an-bmw-e82-anschliesen","tag-mobile-endgerate-an-bmw-e87-anschliesen","tag-mobile-endgerate-an-bmw-e88-anschliesen","tag-pdas-oder-mp3-player-im-bmw-1er-anschliesen","tag-pdas-oder-mp3-player-im-bmw-e81-anschliesen","tag-pdas-oder-mp3-player-im-bmw-e82-anschliesen","tag-pdas-oder-mp3-player-im-bmw-e87-anschliesen","tag-pdas-oder-mp3-player-im-bmw-e88-anschliesen","tag-smartphone-in-bmw-1er-anschliesen","tag-smartphone-in-bmw-e81-anschliesen","tag-smartphone-in-bmw-e82-anschliesen","tag-smartphone-in-bmw-e87-anschliesen","tag-smartphone-in-bmw-e88-anschliesen","tag-smartphone-mit-bmw-1er-radio-steuern","tag-smartphone-mit-bmw-e81-radio-steuern","tag-smartphone-mit-bmw-e82-radio-steuern","tag-smartphone-mit-bmw-e87-radio-steuern","tag-smartphone-mit-bmw-e88-radio-steuern","tag-usb-schnittstelle-im-bmw","tag-usb-sticks-im-bmw-anschliesen","has-featured-image","landscape"],"jetpack_publicize_connections":[],"jetpack_featured_media_url":"https:\/\/www.autoradio-adapter.eu\/blog\/wp-content\/uploads\/2013\/04\/1erautoweb.jpg","jetpack_shortlink":"https:\/\/wp.me\/p3stRu-38","jetpack_sharing_enabled":true,"_links":{"self":[{"href":"https:\/\/www.autoradio-adapter.eu\/blog\/wp-json\/wp\/v2\/posts\/194","targetHints":{"allow":["GET"]}}],"collection":[{"href":"https:\/\/www.autoradio-adapter.eu\/blog\/wp-json\/wp\/v2\/posts"}],"about":[{"href":"https:\/\/www.autoradio-adapter.eu\/blog\/wp-json\/wp\/v2\/types\/post"}],"author":[{"embeddable":true,"href":"https:\/\/www.autoradio-adapter.eu\/blog\/wp-json\/wp\/v2\/users\/2"}],"replies":[{"embeddable":true,"href":"https:\/\/www.autoradio-adapter.eu\/blog\/wp-json\/wp\/v2\/comments?post=194"}],"version-history":[{"count":0,"href":"https:\/\/www.autoradio-adapter.eu\/blog\/wp-json\/wp\/v2\/posts\/194\/revisions"}],"wp:featuredmedia":[{"embeddable":true,"href":"https:\/\/www.autoradio-adapter.eu\/blog\/wp-json\/wp\/v2\/media\/198"}],"wp:attachment":[{"href":"https:\/\/www.autoradio-adapter.eu\/blog\/wp-json\/wp\/v2\/media?parent=194"}],"wp:term":[{"taxonomy":"category","embeddable":true,"href":"https:\/\/www.autoradio-adapter.eu\/blog\/wp-json\/wp\/v2\/categories?post=194"},{"taxonomy":"post_tag","embeddable":true,"href":"https:\/\/www.autoradio-adapter.eu\/blog\/wp-json\/wp\/v2\/tags?post=194"}],"curies":[{"name":"wp","href":"https:\/\/api.w.org\/{rel}","templated":true}]}}