{"id":256,"date":"2013-05-01T11:14:30","date_gmt":"2013-05-01T09:14:30","guid":{"rendered":"http:\/\/www.autoradio-adapter.eu\/blog\/?p=256"},"modified":"2015-04-25T10:13:41","modified_gmt":"2015-04-25T08:13:41","slug":"smartphone-ipod-oder-ipad-mit-bmw-x6-navi-steuern","status":"publish","type":"post","link":"https:\/\/www.autoradio-adapter.eu\/blog\/smartphone-ipod-oder-ipad-mit-bmw-x6-navi-steuern\/","title":{"rendered":"Smartphone, iPod oder iPad mit BMW X6 Navi steuern"},"content":{"rendered":"<h2>Wie kann man ein Smartphone, iPod oder iPad \u00fcber die USB-Audio USB Schnittstelle im BMW X6 E71, E72 ab 2008 &#8211; Heute anschlie\u00dfen!<\/h2>\n<p>&nbsp;<\/p>\n<p>Mit dem bereits integrierten USB-Anschluss in der Mittelkonsole k\u00f6nnen die Player oder ein Apple iPhone direkt gesteuert werden. BMW X6 bietet eine sehr gute\u00a0 Voraussetzung, um mobile Ger\u00e4te wie Smartphone, Mobiltelefone, PDAs oder MP3-Player zu nutzen. Verbunden werden Sie per USB! Denn nahezu alle g\u00e4ngigen MP3-Player, Apple iPods und USB-Sticks k\u00f6nnen nahtlos in das BMW-Mini Audiosystem integriert werden. Die Anzeige der Titel erfolgt am Control- oder Radio-Display.<\/p>\n<p><!--more--><\/p>\n<p><a title=\"iPod, iPhone Kabel, Anschlusskabel BMW X6\" href=\"http:\/\/www.car-hifi-radio-adapter.eu\/ipod-kabel\/bmw-x6-e71-e72-hybrid-ipod-iphone-kabel.html\" target=\"_blank\" rel=\"noopener\"><img loading=\"lazy\" decoding=\"async\" src=\"http:\/\/www.autoradio-adapter.eu\/blog\/wp-content\/uploads\/2013\/04\/14291.jpg\" alt=\"14291\" width=\"492\" height=\"418\" \/><\/a><\/p>\n<p>iPod, iPhone Kabel, Anschlusskabel<\/p>\n<p>&nbsp;<\/p>\n<p>Ein einfacher Adapter erm\u00f6glicht den Anschluss an diese Ger\u00e4te!<\/p>\n<p>&nbsp;<\/p>\n<p>An der USB Schnittstelle das Kabel anstecken, es kann entweder mit dem iPad, iPod oder iPhone verbunden werden!<\/p>\n<p><a href=\"http:\/\/www.autoradio-adapter.eu\/blog\/wp-content\/uploads\/2013\/05\/x6radio.jpg\"><img loading=\"lazy\" decoding=\"async\" class=\"alignnone size-full wp-image-257\" src=\"http:\/\/www.autoradio-adapter.eu\/blog\/wp-content\/uploads\/2013\/05\/x6radio.jpg\" alt=\"x6radio\" width=\"600\" height=\"398\" srcset=\"https:\/\/www.autoradio-adapter.eu\/blog\/wp-content\/uploads\/2013\/05\/x6radio.jpg 600w, https:\/\/www.autoradio-adapter.eu\/blog\/wp-content\/uploads\/2013\/05\/x6radio-300x199.jpg 300w\" sizes=\"auto, (max-width: 600px) 100vw, 600px\" \/><\/a><\/p>\n<p>&nbsp;<\/p>\n<p>Die Steuerung des Men\u00fcs kann \u00fcber <strong>das BMW-Navi<\/strong> erfolgen.<\/p>\n<p>&nbsp;<\/p>\n<p><a href=\"http:\/\/www.autoradio-adapter.eu\/blog\/wp-content\/uploads\/2013\/05\/x6radio1.jpg\"><img loading=\"lazy\" decoding=\"async\" class=\"alignnone size-full wp-image-258\" src=\"http:\/\/www.autoradio-adapter.eu\/blog\/wp-content\/uploads\/2013\/05\/x6radio1.jpg\" alt=\"x6radio1\" width=\"600\" height=\"450\" srcset=\"https:\/\/www.autoradio-adapter.eu\/blog\/wp-content\/uploads\/2013\/05\/x6radio1.jpg 600w, https:\/\/www.autoradio-adapter.eu\/blog\/wp-content\/uploads\/2013\/05\/x6radio1-300x225.jpg 300w\" sizes=\"auto, (max-width: 600px) 100vw, 600px\" \/><\/a><\/p>\n<p>&nbsp;<\/p>\n<p>Schalten Sie das Radio ein und gehen Sie auf die Position AUX im Display!<\/p>\n<p>&nbsp;<\/p>\n<p>&nbsp;<\/p>\n<p>&nbsp;<\/p>\n<p>Tags: <a href=\"http:\/\/www.autoradio-adapter.eu\/blog\/tag\/apple-iphone-im-bmw-x6-anschliesen\/\" rel=\"tag\">Apple iPhone im BMW X6 anschlie\u00dfen<\/a>, <a href=\"http:\/\/www.autoradio-adapter.eu\/blog\/tag\/apple-iphone-im-bmw-x6-e71-anschliesen\/\" rel=\"tag\">Apple iPhone im BMW X6 E71 anschlie\u00dfen<\/a>, <a href=\"http:\/\/www.autoradio-adapter.eu\/blog\/tag\/apple-iphone-im-bmw-x6-e72-anschliesen\/\" rel=\"tag\">Apple iPhone im BMW X6 E72 anschlie\u00dfen<\/a>, <a href=\"http:\/\/www.autoradio-adapter.eu\/blog\/tag\/apple-iphone-mit-bmw-x6-e71-radio-steuern\/\" rel=\"tag\">Apple iPhone mit BMW X6 E71 Radio steuern<\/a>, <a href=\"http:\/\/www.autoradio-adapter.eu\/blog\/tag\/apple-iphone-mit-bmw-x6-e72-radio-steuern\/\" rel=\"tag\">Apple iPhone mit BMW X6 E72 Radio steuern<\/a>, <a href=\"http:\/\/www.autoradio-adapter.eu\/blog\/tag\/apple-iphone-mit-bmw-x6-radio-steuern\/\" rel=\"tag\">Apple iPhone mit BMW X6 Radio steuern<\/a>, <a href=\"http:\/\/www.autoradio-adapter.eu\/blog\/tag\/apple-ipods-im-bmw-x6-anschliesen\/\" rel=\"tag\">Apple iPods im BMW X6 anschlie\u00dfen<\/a>, <a href=\"http:\/\/www.autoradio-adapter.eu\/blog\/tag\/apple-ipods-im-bmw-x6-e71-anschliesen\/\" rel=\"tag\">Apple iPods im BMW X6 E71 anschlie\u00dfen<\/a>, <a href=\"http:\/\/www.autoradio-adapter.eu\/blog\/tag\/apple-ipods-im-bmw-x6-e72-anschliesen\/\" rel=\"tag\">Apple iPods im BMW X6 E72 anschlie\u00dfen<\/a>, <a href=\"http:\/\/www.autoradio-adapter.eu\/blog\/tag\/bmw-x6-e71-usb-anschluss\/\" rel=\"tag\">BMW X6 E71 USB-Anschluss<\/a>, <a href=\"http:\/\/www.autoradio-adapter.eu\/blog\/tag\/bmw-x6-e72-usb-anschluss\/\" rel=\"tag\">BMW X6 E72 USB-Anschluss<\/a>, <a href=\"http:\/\/www.autoradio-adapter.eu\/blog\/tag\/bmw-x6-usb-anschluss\/\" rel=\"tag\">BMW X6 USB-Anschluss<\/a>, <a href=\"http:\/\/www.autoradio-adapter.eu\/blog\/tag\/mobile-endgerate-an-bmw-x6-anschliesen\/\" rel=\"tag\">Mobile Endger\u00e4te an BMW X6 anschlie\u00dfen<\/a>, <a href=\"http:\/\/www.autoradio-adapter.eu\/blog\/tag\/mobile-endgerate-an-bmw-x6-e71-anschliesen\/\" rel=\"tag\">Mobile Endger\u00e4te an BMW X6 E71 anschlie\u00dfen<\/a>, <a href=\"http:\/\/www.autoradio-adapter.eu\/blog\/tag\/mobile-endgerate-an-bmw-x6-e72-anschliesen\/\" rel=\"tag\">Mobile Endger\u00e4te an BMW X6 E72 anschlie\u00dfen<\/a>, <a href=\"http:\/\/www.autoradio-adapter.eu\/blog\/tag\/pdas-oder-mp3-player-im-bmw-x6-anschliesen\/\" rel=\"tag\">PDAs oder MP3-Player im BMW X6 anschlie\u00dfen<\/a>, <a href=\"http:\/\/www.autoradio-adapter.eu\/blog\/tag\/pdas-oder-mp3-player-im-bmw-x6-e71-anschliesen\/\" rel=\"tag\">PDAs oder MP3-Player im BMW X6 E71 anschlie\u00dfen<\/a>, <a href=\"http:\/\/www.autoradio-adapter.eu\/blog\/tag\/pdas-oder-mp3-player-im-bmw-x6-e72-anschliesen\/\" rel=\"tag\">PDAs oder MP3-Player im BMW X6 E72 anschlie\u00dfen<\/a>, <a href=\"http:\/\/www.autoradio-adapter.eu\/blog\/tag\/smartphone-in-bmw-x6-anschliesen\/\" rel=\"tag\">Smartphone in BMW X6 anschlie\u00dfen<\/a>, <a href=\"http:\/\/www.autoradio-adapter.eu\/blog\/tag\/smartphone-in-bmw-x6-e71-anschliesen\/\" rel=\"tag\">Smartphone in BMW X6 E71 anschlie\u00dfen<\/a>, <a href=\"http:\/\/www.autoradio-adapter.eu\/blog\/tag\/smartphone-in-bmw-x6-e72-anschliesen\/\" rel=\"tag\">Smartphone in BMW X6 E72 anschlie\u00dfen<\/a>, <a href=\"http:\/\/www.autoradio-adapter.eu\/blog\/tag\/smartphone-mit-bmw-x6-e71-radio-steuern\/\" rel=\"tag\">Smartphone mit BMW X6 E71 Radio steuern<\/a>, <a href=\"http:\/\/www.autoradio-adapter.eu\/blog\/tag\/smartphone-mit-bmw-x6-e72-radio-steuern\/\" rel=\"tag\">Smartphone mit BMW X6 E72 Radio steuern<\/a>, <a href=\"http:\/\/www.autoradio-adapter.eu\/blog\/tag\/smartphone-mit-bmw-x6-radio-steuern\/\" rel=\"tag\">Smartphone mit BMW X6 Radio steuern<\/a>, <a href=\"http:\/\/www.autoradio-adapter.eu\/blog\/tag\/usb-schnittstelle-im-bmw-x6\/\" rel=\"tag\">USB Schnittstelle im BMW X6<\/a>, <a href=\"http:\/\/www.autoradio-adapter.eu\/blog\/tag\/usb-sticks-im-bmw-x6-anschliesen\/\" rel=\"tag\">USB-Sticks im BMW X6 anschlie\u00dfen<\/a><\/p>\n","protected":false},"excerpt":{"rendered":"<p>Wie kann man ein Smartphone, iPod oder iPad \u00fcber die USB-Audio USB Schnittstelle im BMW X6 E71, E72 ab 2008 [&hellip;]<\/p>\n","protected":false},"author":2,"featured_media":259,"comment_status":"open","ping_status":"open","sticky":false,"template":"","format":"standard","meta":{"jetpack_post_was_ever_published":false,"_jetpack_newsletter_access":"","_jetpack_dont_email_post_to_subs":false,"_jetpack_newsletter_tier_id":0,"_jetpack_memberships_contains_paywalled_content":false,"_jetpack_memberships_contains_paid_content":false,"footnotes":"","jetpack_publicize_message":"","jetpack_publicize_feature_enabled":true,"jetpack_social_post_already_shared":true,"jetpack_social_options":{"image_generator_settings":{"template":"highway","default_image_id":0,"font":"","enabled":false},"version":2}},"categories":[9,520],"tags":[378,379,396,380,397,381,382,383,398,384,399,385,386,387,400,388,389,401,390,391,402,392,403,393,394,395],"class_list":["post-256","post","type-post","status-publish","format-standard","has-post-thumbnail","hentry","category-autoradio-einbau-tipps","category-bmw-autoradio-einbau-tipps","tag-apple-iphone-im-bmw-x6-anschliesen","tag-apple-iphone-im-bmw-x6-e71-anschliesen","tag-apple-iphone-im-bmw-x6-e72-anschliesen","tag-apple-iphone-mit-bmw-x6-e71-radio-steuern","tag-apple-iphone-mit-bmw-x6-e72-radio-steuern","tag-apple-iphone-mit-bmw-x6-radio-steuern","tag-apple-ipods-im-bmw-x6-anschliesen","tag-apple-ipods-im-bmw-x6-e71-anschliesen","tag-apple-ipods-im-bmw-x6-e72-anschliesen","tag-bmw-x6-e71-usb-anschluss","tag-bmw-x6-e72-usb-anschluss","tag-bmw-x6-usb-anschluss","tag-mobile-endgerate-an-bmw-x6-anschliesen","tag-mobile-endgerate-an-bmw-x6-e71-anschliesen","tag-mobile-endgerate-an-bmw-x6-e72-anschliesen","tag-pdas-oder-mp3-player-im-bmw-x6-anschliesen","tag-pdas-oder-mp3-player-im-bmw-x6-e71-anschliesen","tag-pdas-oder-mp3-player-im-bmw-x6-e72-anschliesen","tag-smartphone-in-bmw-x6-anschliesen","tag-smartphone-in-bmw-x6-e71-anschliesen","tag-smartphone-in-bmw-x6-e72-anschliesen","tag-smartphone-mit-bmw-x6-e71-radio-steuern","tag-smartphone-mit-bmw-x6-e72-radio-steuern","tag-smartphone-mit-bmw-x6-radio-steuern","tag-usb-schnittstelle-im-bmw-x6","tag-usb-sticks-im-bmw-x6-anschliesen","has-featured-image","landscape"],"jetpack_publicize_connections":[],"jetpack_featured_media_url":"https:\/\/www.autoradio-adapter.eu\/blog\/wp-content\/uploads\/2013\/05\/x6auto.jpg","jetpack_shortlink":"https:\/\/wp.me\/p3stRu-48","jetpack_sharing_enabled":true,"_links":{"self":[{"href":"https:\/\/www.autoradio-adapter.eu\/blog\/wp-json\/wp\/v2\/posts\/256","targetHints":{"allow":["GET"]}}],"collection":[{"href":"https:\/\/www.autoradio-adapter.eu\/blog\/wp-json\/wp\/v2\/posts"}],"about":[{"href":"https:\/\/www.autoradio-adapter.eu\/blog\/wp-json\/wp\/v2\/types\/post"}],"author":[{"embeddable":true,"href":"https:\/\/www.autoradio-adapter.eu\/blog\/wp-json\/wp\/v2\/users\/2"}],"replies":[{"embeddable":true,"href":"https:\/\/www.autoradio-adapter.eu\/blog\/wp-json\/wp\/v2\/comments?post=256"}],"version-history":[{"count":0,"href":"https:\/\/www.autoradio-adapter.eu\/blog\/wp-json\/wp\/v2\/posts\/256\/revisions"}],"wp:featuredmedia":[{"embeddable":true,"href":"https:\/\/www.autoradio-adapter.eu\/blog\/wp-json\/wp\/v2\/media\/259"}],"wp:attachment":[{"href":"https:\/\/www.autoradio-adapter.eu\/blog\/wp-json\/wp\/v2\/media?parent=256"}],"wp:term":[{"taxonomy":"category","embeddable":true,"href":"https:\/\/www.autoradio-adapter.eu\/blog\/wp-json\/wp\/v2\/categories?post=256"},{"taxonomy":"post_tag","embeddable":true,"href":"https:\/\/www.autoradio-adapter.eu\/blog\/wp-json\/wp\/v2\/tags?post=256"}],"curies":[{"name":"wp","href":"https:\/\/api.w.org\/{rel}","templated":true}]}}