{"id":263,"date":"2013-05-01T21:06:26","date_gmt":"2013-05-01T19:06:26","guid":{"rendered":"http:\/\/www.autoradio-adapter.eu\/blog\/?p=263"},"modified":"2015-04-25T10:13:12","modified_gmt":"2015-04-25T08:13:12","slug":"smartphone-ipod-oder-ipad-mit-bmw-z4-navi-steuern","status":"publish","type":"post","link":"https:\/\/www.autoradio-adapter.eu\/blog\/smartphone-ipod-oder-ipad-mit-bmw-z4-navi-steuern\/","title":{"rendered":"Smartphone, iPod oder iPad mit BMW Z4 Navi steuern"},"content":{"rendered":"<h2>Wie kann man ein Smartphone, iPod oder iPad \u00fcber die USB-Audio USB Schnittstelle im BMW\u00a0Z4 E89 ab 2009 &#8211; Heute anschlie\u00dfen!<\/h2>\n<p>&nbsp;<\/p>\n<p>Mit dem bereits integrierten USB-Anschluss in der Mittelkonsole k\u00f6nnen die Player oder ein Apple iPhone direkt gesteuert werden. BMW\u00a0Z4 bietet eine sehr gute\u00a0 Voraussetzung, um mobile Ger\u00e4te wie Smartphone, Mobiltelefone, PDAs oder MP3-Player zu nutzen. Verbunden werden Sie per USB! Denn nahezu alle g\u00e4ngigen MP3-Player, Apple iPods und USB-Sticks k\u00f6nnen nahtlos in das BMW-Mini Audiosystem integriert werden. Die Anzeige der Titel erfolgt am Control- oder Radio-Display.<\/p>\n<p><!--more--><\/p>\n<p><a title=\"iPod, iPhone Kabel, Anschlusskabel BMW Z4\" href=\"http:\/\/www.car-hifi-radio-adapter.eu\/ipod-kabel\/bmw-z4-e89-ipod-iphone-kabel-anschlusskabel.html\" target=\"_blank\" rel=\"noopener\"><img loading=\"lazy\" decoding=\"async\" src=\"http:\/\/www.autoradio-adapter.eu\/blog\/wp-content\/uploads\/2013\/04\/14291.jpg\" alt=\"14291\" width=\"492\" height=\"418\" \/><\/a><\/p>\n<p>iPod, iPhone Kabel, Anschlusskabel<\/p>\n<p>&nbsp;<\/p>\n<p>Ein einfacher Adapter erm\u00f6glicht den Anschluss an diese Ger\u00e4te!<\/p>\n<p>&nbsp;<\/p>\n<p>An der USB Schnittstelle das Kabel anstecken, es kann entweder mit dem iPad, iPod oder iPhone verbunden werden!<\/p>\n<p><a href=\"http:\/\/www.autoradio-adapter.eu\/blog\/wp-content\/uploads\/2013\/05\/z4radio.jpg\"><img loading=\"lazy\" decoding=\"async\" class=\"alignnone size-full wp-image-264\" src=\"http:\/\/www.autoradio-adapter.eu\/blog\/wp-content\/uploads\/2013\/05\/z4radio.jpg\" alt=\"z4radio\" width=\"600\" height=\"450\" srcset=\"https:\/\/www.autoradio-adapter.eu\/blog\/wp-content\/uploads\/2013\/05\/z4radio.jpg 600w, https:\/\/www.autoradio-adapter.eu\/blog\/wp-content\/uploads\/2013\/05\/z4radio-300x225.jpg 300w\" sizes=\"auto, (max-width: 600px) 100vw, 600px\" \/><\/a><\/p>\n<p>&nbsp;<\/p>\n<p>Die Steuerung des Men\u00fcs kann \u00fcber <strong>das BMW-Navi<\/strong> erfolgen.<\/p>\n<p>&nbsp;<\/p>\n<p><a href=\"http:\/\/www.autoradio-adapter.eu\/blog\/wp-content\/uploads\/2013\/05\/z4radio1.jpg\"><img loading=\"lazy\" decoding=\"async\" class=\"alignnone size-full wp-image-265\" src=\"http:\/\/www.autoradio-adapter.eu\/blog\/wp-content\/uploads\/2013\/05\/z4radio1.jpg\" alt=\"z4radio1\" width=\"600\" height=\"450\" srcset=\"https:\/\/www.autoradio-adapter.eu\/blog\/wp-content\/uploads\/2013\/05\/z4radio1.jpg 600w, https:\/\/www.autoradio-adapter.eu\/blog\/wp-content\/uploads\/2013\/05\/z4radio1-300x225.jpg 300w\" sizes=\"auto, (max-width: 600px) 100vw, 600px\" \/><\/a><\/p>\n<p>&nbsp;<\/p>\n<p>Schalten Sie das Radio ein und gehen Sie auf die Position AUX im Display!<\/p>\n<p>&nbsp;<\/p>\n<p>&nbsp;<\/p>\n<p>Tags: <a href=\"http:\/\/www.autoradio-adapter.eu\/blog\/tag\/apple-iphone-im-bmw-z4-anschliesen\/\" rel=\"tag\">Apple iPhone im BMW Z4 anschlie\u00dfen<\/a>, <a href=\"http:\/\/www.autoradio-adapter.eu\/blog\/tag\/apple-iphone-im-bmw-z4-e89-anschliesen\/\" rel=\"tag\">Apple iPhone im BMW Z4 E89 anschlie\u00dfen<\/a>, <a href=\"http:\/\/www.autoradio-adapter.eu\/blog\/tag\/apple-iphone-mit-bmw-z4-e89-radio-steuern\/\" rel=\"tag\">Apple iPhone mit BMW Z4 E89 Radio steuern<\/a>, <a href=\"http:\/\/www.autoradio-adapter.eu\/blog\/tag\/apple-iphone-mit-bmw-z4-radio-steuern\/\" rel=\"tag\">Apple iPhone mit BMW Z4 Radio steuern<\/a>, <a href=\"http:\/\/www.autoradio-adapter.eu\/blog\/tag\/apple-ipods-im-bmw-z4-anschliesen\/\" rel=\"tag\">Apple iPods im BMW Z4 anschlie\u00dfen<\/a>, <a href=\"http:\/\/www.autoradio-adapter.eu\/blog\/tag\/apple-ipods-im-bmw-z4-e89-anschliesen\/\" rel=\"tag\">Apple iPods im BMW Z4 E89 anschlie\u00dfen<\/a>, <a href=\"http:\/\/www.autoradio-adapter.eu\/blog\/tag\/bmw-z4-e89-usb-anschluss\/\" rel=\"tag\">BMW Z4 E89 USB-Anschluss<\/a>, <a href=\"http:\/\/www.autoradio-adapter.eu\/blog\/tag\/bmw-z4-usb-anschluss\/\" rel=\"tag\">BMW Z4 USB-Anschluss<\/a>, <a href=\"http:\/\/www.autoradio-adapter.eu\/blog\/tag\/mobile-endgerate-an-bmw-z4-anschliesen\/\" rel=\"tag\">Mobile Endger\u00e4te an BMW Z4 anschlie\u00dfen<\/a>, <a href=\"http:\/\/www.autoradio-adapter.eu\/blog\/tag\/mobile-endgerate-an-bmw-z4-e89-anschliesen\/\" rel=\"tag\">Mobile Endger\u00e4te an BMW Z4 E89 anschlie\u00dfen<\/a>, <a href=\"http:\/\/www.autoradio-adapter.eu\/blog\/tag\/pdas-oder-mp3-player-im-bmw-z4-anschliesen\/\" rel=\"tag\">PDAs oder MP3-Player im BMW Z4 anschlie\u00dfen<\/a>, <a href=\"http:\/\/www.autoradio-adapter.eu\/blog\/tag\/pdas-oder-mp3-player-im-bmw-z4-e89-anschliesen\/\" rel=\"tag\">PDAs oder MP3-Player im BMW Z4 E89 anschlie\u00dfen<\/a>, <a href=\"http:\/\/www.autoradio-adapter.eu\/blog\/tag\/smartphone-in-bmw-z4-anschliesen\/\" rel=\"tag\">Smartphone in BMW Z4 anschlie\u00dfen<\/a>, <a href=\"http:\/\/www.autoradio-adapter.eu\/blog\/tag\/smartphone-in-bmw-z4-e89-anschliesen\/\" rel=\"tag\">Smartphone in BMW Z4 E89 anschlie\u00dfen<\/a>, <a href=\"http:\/\/www.autoradio-adapter.eu\/blog\/tag\/smartphone-mit-bmw-z4-e89-radio-steuern\/\" rel=\"tag\">Smartphone mit BMW Z4 E89 Radio steuern<\/a>, <a href=\"http:\/\/www.autoradio-adapter.eu\/blog\/tag\/smartphone-mit-bmw-z4-radio-steuern\/\" rel=\"tag\">Smartphone mit BMW Z4 Radio steuern<\/a>, <a href=\"http:\/\/www.autoradio-adapter.eu\/blog\/tag\/usb-schnittstelle-im-bmw-z4\/\" rel=\"tag\">USB Schnittstelle im BMW Z4<\/a>, <a href=\"http:\/\/www.autoradio-adapter.eu\/blog\/tag\/usb-sticks-im-bmw-z4-anschliesen\/\" rel=\"tag\">USB-Sticks im BMW Z4 anschlie\u00dfen<\/a><\/p>\n","protected":false},"excerpt":{"rendered":"<p>Wie kann man ein Smartphone, iPod oder iPad \u00fcber die USB-Audio USB Schnittstelle im BMW\u00a0Z4 E89 ab 2009 &#8211; Heute [&hellip;]<\/p>\n","protected":false},"author":2,"featured_media":266,"comment_status":"open","ping_status":"open","sticky":false,"template":"","format":"standard","meta":{"jetpack_post_was_ever_published":false,"_jetpack_newsletter_access":"","_jetpack_dont_email_post_to_subs":false,"_jetpack_newsletter_tier_id":0,"_jetpack_memberships_contains_paywalled_content":false,"_jetpack_memberships_contains_paid_content":false,"footnotes":"","jetpack_publicize_message":"","jetpack_publicize_feature_enabled":true,"jetpack_social_post_already_shared":true,"jetpack_social_options":{"image_generator_settings":{"template":"highway","default_image_id":0,"font":"","enabled":false},"version":2}},"categories":[9,520],"tags":[404,405,406,407,408,409,410,411,412,413,414,415,416,417,418,419,420,421],"class_list":["post-263","post","type-post","status-publish","format-standard","has-post-thumbnail","hentry","category-autoradio-einbau-tipps","category-bmw-autoradio-einbau-tipps","tag-apple-iphone-im-bmw-z4-anschliesen","tag-apple-iphone-im-bmw-z4-e89-anschliesen","tag-apple-iphone-mit-bmw-z4-e89-radio-steuern","tag-apple-iphone-mit-bmw-z4-radio-steuern","tag-apple-ipods-im-bmw-z4-anschliesen","tag-apple-ipods-im-bmw-z4-e89-anschliesen","tag-bmw-z4-e89-usb-anschluss","tag-bmw-z4-usb-anschluss","tag-mobile-endgerate-an-bmw-z4-anschliesen","tag-mobile-endgerate-an-bmw-z4-e89-anschliesen","tag-pdas-oder-mp3-player-im-bmw-z4-anschliesen","tag-pdas-oder-mp3-player-im-bmw-z4-e89-anschliesen","tag-smartphone-in-bmw-z4-anschliesen","tag-smartphone-in-bmw-z4-e89-anschliesen","tag-smartphone-mit-bmw-z4-e89-radio-steuern","tag-smartphone-mit-bmw-z4-radio-steuern","tag-usb-schnittstelle-im-bmw-z4","tag-usb-sticks-im-bmw-z4-anschliesen","has-featured-image","landscape"],"jetpack_publicize_connections":[],"jetpack_featured_media_url":"https:\/\/www.autoradio-adapter.eu\/blog\/wp-content\/uploads\/2013\/05\/zeautoweb.jpg","jetpack_shortlink":"https:\/\/wp.me\/p3stRu-4f","jetpack_sharing_enabled":true,"_links":{"self":[{"href":"https:\/\/www.autoradio-adapter.eu\/blog\/wp-json\/wp\/v2\/posts\/263","targetHints":{"allow":["GET"]}}],"collection":[{"href":"https:\/\/www.autoradio-adapter.eu\/blog\/wp-json\/wp\/v2\/posts"}],"about":[{"href":"https:\/\/www.autoradio-adapter.eu\/blog\/wp-json\/wp\/v2\/types\/post"}],"author":[{"embeddable":true,"href":"https:\/\/www.autoradio-adapter.eu\/blog\/wp-json\/wp\/v2\/users\/2"}],"replies":[{"embeddable":true,"href":"https:\/\/www.autoradio-adapter.eu\/blog\/wp-json\/wp\/v2\/comments?post=263"}],"version-history":[{"count":0,"href":"https:\/\/www.autoradio-adapter.eu\/blog\/wp-json\/wp\/v2\/posts\/263\/revisions"}],"wp:featuredmedia":[{"embeddable":true,"href":"https:\/\/www.autoradio-adapter.eu\/blog\/wp-json\/wp\/v2\/media\/266"}],"wp:attachment":[{"href":"https:\/\/www.autoradio-adapter.eu\/blog\/wp-json\/wp\/v2\/media?parent=263"}],"wp:term":[{"taxonomy":"category","embeddable":true,"href":"https:\/\/www.autoradio-adapter.eu\/blog\/wp-json\/wp\/v2\/categories?post=263"},{"taxonomy":"post_tag","embeddable":true,"href":"https:\/\/www.autoradio-adapter.eu\/blog\/wp-json\/wp\/v2\/tags?post=263"}],"curies":[{"name":"wp","href":"https:\/\/api.w.org\/{rel}","templated":true}]}}