{"id":487,"date":"2013-05-21T20:30:04","date_gmt":"2013-05-21T18:30:04","guid":{"rendered":"http:\/\/www.autoradio-adapter.eu\/blog\/?p=487"},"modified":"2015-04-25T10:05:54","modified_gmt":"2015-04-25T08:05:54","slug":"autoradio-zundplus-fur-bmw-x5-e70-einbauanleitung","status":"publish","type":"post","link":"https:\/\/www.autoradio-adapter.eu\/blog\/autoradio-zundplus-fur-bmw-x5-e70-einbauanleitung\/","title":{"rendered":"Autoradio Z\u00fcndplus f\u00fcr BMW X5 E70 Einbauanleitung"},"content":{"rendered":"<h1>Mein Autoradio schaltet nach Abzug des Z\u00fcndschl\u00fcssels nicht ab?<\/h1>\n<p>&nbsp;<\/p>\n<h1>Die L\u00f6sung ich ben\u00f6tige einen <span style=\"color: #ff0000;\">Z\u00fcndplussimulator<\/span>!<\/h1>\n<p>&nbsp;<\/p>\n<h1>Warum: Das Fahrzeug hat ein CAN BUS System und kein geschaltetes Z\u00fcndplus das muss nachtr\u00e4glich Eingebaut werden.<\/h1>\n<p>&nbsp;<\/p>\n<h1>Passend f\u00fcr\u00a0BMW X5 E70<b>\u00a0ab 2006 &#8211; 2010 : Wo das\u00a0BMW Werksradio getauscht wurde! <\/b><\/h1>\n<p><!--more--><\/p>\n<p>&nbsp;<\/p>\n<p>Beim\u00a0<strong>BMW X5 E70\u00a02006 \u2013 2010<\/strong> ist der Radiowechsel kein Problem. Man braucht nat\u00fcrlich einen entsprechenden Adapter sowie eine\u00a0BMW Radioblende.<\/p>\n<p>&nbsp;<\/p>\n<h3>Ein Beispiel von Radios die urspr\u00fcnglich verbaut wahren!<\/h3>\n<p><a href=\"http:\/\/www.autoradio-adapter.eu\/blog\/wp-content\/uploads\/2013\/05\/X5E70radio.jpg\"><img loading=\"lazy\" decoding=\"async\" class=\"alignnone size-full wp-image-488\" src=\"http:\/\/www.autoradio-adapter.eu\/blog\/wp-content\/uploads\/2013\/05\/X5E70radio.jpg\" alt=\"X5E70radio\" width=\"600\" height=\"450\" srcset=\"https:\/\/www.autoradio-adapter.eu\/blog\/wp-content\/uploads\/2013\/05\/X5E70radio.jpg 600w, https:\/\/www.autoradio-adapter.eu\/blog\/wp-content\/uploads\/2013\/05\/X5E70radio-300x225.jpg 300w\" sizes=\"auto, (max-width: 600px) 100vw, 600px\" \/><\/a><\/p>\n<p><b>BMW X5 E70\u00a0Radio\u00a0 <\/b><\/p>\n<p>&nbsp;<\/p>\n<p>&nbsp;<\/p>\n<p>&nbsp;<\/p>\n<h1>Wie funktioniert der Z\u00fcndplussimulator: Einbauanleitung<\/h1>\n<p>&nbsp;<\/p>\n<ul>\n<li><strong>Batterie Masse abklemmen! Wichtig!<\/strong><\/li>\n<\/ul>\n<p>&nbsp;<\/p>\n<p><strong>Einbau im\u00a0Einbauschacht: Der Simulator wird hinter dem neuen Radio im Schacht eingebaut! <\/strong><\/p>\n<p>&nbsp;<\/p>\n<p>&nbsp;<\/p>\n<ul>\n<li><strong>F\u00fcr das neue Radio im\u00a0BMW X5\u00a0ben\u00f6tigt man einen\u00a0BMW Quadlock Radioadapter! <\/strong><\/li>\n<\/ul>\n<p><a href=\"http:\/\/www.autoradio-adapter.eu\/blog\/wp-content\/uploads\/2013\/05\/Zuenplus4.jpg\"><img loading=\"lazy\" decoding=\"async\" class=\"alignnone size-full wp-image-489\" src=\"http:\/\/www.autoradio-adapter.eu\/blog\/wp-content\/uploads\/2013\/05\/Zuenplus4.jpg\" alt=\"Zuenplus4\" width=\"600\" height=\"310\" srcset=\"https:\/\/www.autoradio-adapter.eu\/blog\/wp-content\/uploads\/2013\/05\/Zuenplus4.jpg 600w, https:\/\/www.autoradio-adapter.eu\/blog\/wp-content\/uploads\/2013\/05\/Zuenplus4-300x155.jpg 300w\" sizes=\"auto, (max-width: 600px) 100vw, 600px\" \/><\/a><\/p>\n<ul>\n<li><strong>Um die Z\u00fcndplus Simulation anzuschliessen wir eine Spannungsverl\u00e4ngerung verwendet die muss nur auf den Radioadapter mit der Spannungsversorgung gesteckt werden. <\/strong><\/li>\n<\/ul>\n<p><a href=\"http:\/\/www.autoradio-adapter.eu\/blog\/wp-content\/uploads\/2013\/05\/Zuendplus2-600.png\"><img loading=\"lazy\" decoding=\"async\" class=\"alignnone size-full wp-image-490\" src=\"http:\/\/www.autoradio-adapter.eu\/blog\/wp-content\/uploads\/2013\/05\/Zuendplus2-600.png\" alt=\"Zuendplus2-600\" width=\"600\" height=\"374\" srcset=\"https:\/\/www.autoradio-adapter.eu\/blog\/wp-content\/uploads\/2013\/05\/Zuendplus2-600.png 600w, https:\/\/www.autoradio-adapter.eu\/blog\/wp-content\/uploads\/2013\/05\/Zuendplus2-600-300x187.png 300w\" sizes=\"auto, (max-width: 600px) 100vw, 600px\" \/><\/a><\/p>\n<p>&nbsp;<\/p>\n<ul>\n<li>\u00a0<strong>Die Z\u00fcngplus Simulation (Foto unterhalb)<\/strong><\/li>\n<\/ul>\n<p><a href=\"http:\/\/www.autoradio-adapter.eu\/blog\/wp-content\/uploads\/2013\/05\/zuenplusdet.jpg\"><img loading=\"lazy\" decoding=\"async\" class=\"alignnone size-full wp-image-491\" src=\"http:\/\/www.autoradio-adapter.eu\/blog\/wp-content\/uploads\/2013\/05\/zuenplusdet.jpg\" alt=\"zuenplusdet\" width=\"660\" height=\"660\" srcset=\"https:\/\/www.autoradio-adapter.eu\/blog\/wp-content\/uploads\/2013\/05\/zuenplusdet.jpg 660w, https:\/\/www.autoradio-adapter.eu\/blog\/wp-content\/uploads\/2013\/05\/zuenplusdet-150x150.jpg 150w, https:\/\/www.autoradio-adapter.eu\/blog\/wp-content\/uploads\/2013\/05\/zuenplusdet-300x300.jpg 300w\" sizes=\"auto, (max-width: 660px) 100vw, 660px\" \/><\/a><\/p>\n<p>&nbsp;<\/p>\n<ul>\n<li><strong>Die Z\u00fcndplus Simulation wird wie folgt an die Spannungsverl\u00e4ngerung angeschlossen!<\/strong><\/li>\n<li><strong>Gelbes Dauerpluskabel mit gelben Steckplatz verbinden<\/strong><\/li>\n<li><strong>Schwarzes Massekabel mit schwarzen Steckplatz verbinden<\/strong><\/li>\n<li><strong>Rotes Z\u00fcndpluskabel mit roten Kabel verbinden<\/strong><\/li>\n<li><strong>Zus\u00e4tzlich kann man einen Fakra Antennenadapter mit dem blauen Kabel verbinden<\/strong><\/li>\n<li><\/li>\n<\/ul>\n<p><a href=\"http:\/\/www.autoradio-adapter.eu\/blog\/wp-content\/uploads\/2013\/05\/Zuendplus5-600.png\"><img loading=\"lazy\" decoding=\"async\" class=\"alignnone size-full wp-image-493\" src=\"http:\/\/www.autoradio-adapter.eu\/blog\/wp-content\/uploads\/2013\/05\/Zuendplus5-600.png\" alt=\"Zuendplus5-600\" width=\"600\" height=\"480\" srcset=\"https:\/\/www.autoradio-adapter.eu\/blog\/wp-content\/uploads\/2013\/05\/Zuendplus5-600.png 600w, https:\/\/www.autoradio-adapter.eu\/blog\/wp-content\/uploads\/2013\/05\/Zuendplus5-600-300x240.png 300w\" sizes=\"auto, (max-width: 600px) 100vw, 600px\" \/><\/a><\/p>\n<p>&nbsp;<\/p>\n<p>&nbsp;<\/p>\n<p>&nbsp;<\/p>\n<ul>\n<li><strong>Radioadapter mit Stromanschluss am neuen Autroadio verbinden! <\/strong><\/li>\n<\/ul>\n<p>&nbsp;<\/p>\n<p>&nbsp;<\/p>\n<p>&nbsp;<\/p>\n<p>Empfehlenswerte Anbieter wo man solche Z\u00fcndplus Simulationen bekommt gibt es einige zum Beispiel bei\u00a0BMW X5\u00a0Z\u00fcndplus nachr\u00fcsten von radio-adapter.eu oder\u00a0BMW X5\u00a0Z\u00fcndplus Interface von autoradio-adapter.eu.<\/p>\n<p>&nbsp;<\/p>\n<h2>\u00a0BMW X5 E70\u00a0ab 2005 &#8211; 2010 Z\u00fcndplus nachr\u00fcsten!<\/h2>\n<p><a title=\"BMW X5 E70 Z\u00fcndplus Simulation\" href=\"http:\/\/www.car-hifi-radio-adapter.eu\/autoradioblende\/bmw-x5-e70-zuendungsplus_-ausschalten-des-autoradi.html\" target=\"_blank\" rel=\"noopener\"><img loading=\"lazy\" decoding=\"async\" class=\"alignnone size-full wp-image-494\" src=\"http:\/\/www.autoradio-adapter.eu\/blog\/wp-content\/uploads\/2013\/05\/14450.jpg\" alt=\"14450\" width=\"567\" height=\"482\" srcset=\"https:\/\/www.autoradio-adapter.eu\/blog\/wp-content\/uploads\/2013\/05\/14450.jpg 567w, https:\/\/www.autoradio-adapter.eu\/blog\/wp-content\/uploads\/2013\/05\/14450-300x255.jpg 300w\" sizes=\"auto, (max-width: 567px) 100vw, 567px\" \/><\/a><\/p>\n<p>BMW X5 E70\u00a0Z\u00fcndplus Simulation<\/p>\n<p>&nbsp;<\/p>\n<p>Tags: <a href=\"http:\/\/www.autoradio-adapter.eu\/blog\/tag\/autoradio-im-bmw-geht-nicht-mehr-mit-der-zundung-an-und-aus\/\" rel=\"tag\">Autoradio im BMW geht nicht mehr mit der Z\u00fcndung an und aus<\/a>, <a href=\"http:\/\/www.autoradio-adapter.eu\/blog\/tag\/bmw-autoradio-geht-nicht-beim-schlussel-raus-ziehen-mit-aus\/\" rel=\"tag\">BMW Autoradio geht nicht beim Schl\u00fcssel raus ziehen mit aus!<\/a>, <a href=\"http:\/\/www.autoradio-adapter.eu\/blog\/tag\/bmw-autoradio-schaltet-sich-nicht-automatisch-ab\/\" rel=\"tag\">BMW Autoradio schaltet sich nicht automatisch ab<\/a>, <a href=\"http:\/\/www.autoradio-adapter.eu\/blog\/tag\/bmw-passat-radio-zundung\/\" rel=\"tag\">BMW Passat Radio Z\u00fcndung<\/a>, <a href=\"http:\/\/www.autoradio-adapter.eu\/blog\/tag\/bmw-x5-e70-neues-radio-probleme-losen\/\" rel=\"tag\">BMW X5 E70 &#8211; Neues Radio Probleme l\u00f6sen<\/a>, <a href=\"http:\/\/www.autoradio-adapter.eu\/blog\/tag\/bmw-x5-e70-radio-schaltet-sich-nicht-automatisch-ein\/\" rel=\"tag\">BMW X5 E70 Radio schaltet sich nicht automatisch ein<\/a>, <a href=\"http:\/\/www.autoradio-adapter.eu\/blog\/tag\/bmw-x5-e70-zundplus-wo-her\/\" rel=\"tag\">BMW X5 E70 Z\u00fcndplus wo her<\/a>, <a href=\"http:\/\/www.autoradio-adapter.eu\/blog\/tag\/neues-autoradio-im-bmw-x5-e70\/\" rel=\"tag\">Neues Autoradio im BMW X5 E70<\/a>, <a href=\"http:\/\/www.autoradio-adapter.eu\/blog\/tag\/problem-radio-geht-nicht-aus-bmw\/\" rel=\"tag\">Problem Radio geht nicht aus. &#8211; BMW<\/a>, <a href=\"http:\/\/www.autoradio-adapter.eu\/blog\/tag\/radio-auf-zundung-schalten-bmw-x5-e70\/\" rel=\"tag\">Radio auf Z\u00fcndung schalten BMW X5 E70<\/a>, <a href=\"http:\/\/www.autoradio-adapter.eu\/blog\/tag\/radio-probleme-bmw-x5-e70\/\" rel=\"tag\">Radio Probleme BMW X5 E70<\/a>, <a href=\"http:\/\/www.autoradio-adapter.eu\/blog\/tag\/radio-schaltet-nicht-ab-bmw-x5-e70\/\" rel=\"tag\">Radio schaltet nicht ab BMW X5 E70<\/a>, <a href=\"http:\/\/www.autoradio-adapter.eu\/blog\/tag\/zundplus-nachrusten-bmw-x5-e70\/\" rel=\"tag\">Z\u00fcndplus nachr\u00fcsten BMW X5 E70<\/a>, <a href=\"http:\/\/www.autoradio-adapter.eu\/blog\/tag\/zundungsplus-wo-bmw-x5-e70\/\" rel=\"tag\">Z\u00fcndungsplus &#8211; wo BMW X5 E70<\/a>, <a href=\"http:\/\/www.autoradio-adapter.eu\/blog\/tag\/zundungsplus-am-iso-stecker-bmw-x5-e70\/\" rel=\"tag\">Z\u00fcndungsplus am ISO-Stecker BMW X5 E70<\/a><\/p>\n","protected":false},"excerpt":{"rendered":"<p>Mein Autoradio schaltet nach Abzug des Z\u00fcndschl\u00fcssels nicht ab? &nbsp; Die L\u00f6sung ich ben\u00f6tige einen Z\u00fcndplussimulator! &nbsp; Warum: Das Fahrzeug [&hellip;]<\/p>\n","protected":false},"author":2,"featured_media":495,"comment_status":"open","ping_status":"open","sticky":false,"template":"","format":"standard","meta":{"jetpack_post_was_ever_published":false,"_jetpack_newsletter_access":"","_jetpack_dont_email_post_to_subs":false,"_jetpack_newsletter_tier_id":0,"_jetpack_memberships_contains_paywalled_content":false,"_jetpack_memberships_contains_paid_content":false,"footnotes":"","jetpack_publicize_message":"","jetpack_publicize_feature_enabled":true,"jetpack_social_post_already_shared":true,"jetpack_social_options":{"image_generator_settings":{"template":"highway","default_image_id":0,"font":"","enabled":false},"version":2}},"categories":[1,9,520],"tags":[638,633,634,644,641,642,643,635,636,637,639,640,645,646,647],"class_list":["post-487","post","type-post","status-publish","format-standard","has-post-thumbnail","hentry","category-allgemein","category-autoradio-einbau-tipps","category-bmw-autoradio-einbau-tipps","tag-autoradio-im-bmw-geht-nicht-mehr-mit-der-zundung-an-und-aus","tag-bmw-autoradio-geht-nicht-beim-schlussel-raus-ziehen-mit-aus","tag-bmw-autoradio-schaltet-sich-nicht-automatisch-ab","tag-bmw-passat-radio-zundung","tag-bmw-x5-e70-neues-radio-probleme-losen","tag-bmw-x5-e70-radio-schaltet-sich-nicht-automatisch-ein","tag-bmw-x5-e70-zundplus-wo-her","tag-neues-autoradio-im-bmw-x5-e70","tag-problem-radio-geht-nicht-aus-bmw","tag-radio-auf-zundung-schalten-bmw-x5-e70","tag-radio-probleme-bmw-x5-e70","tag-radio-schaltet-nicht-ab-bmw-x5-e70","tag-zundplus-nachrusten-bmw-x5-e70","tag-zundungsplus-wo-bmw-x5-e70","tag-zundungsplus-am-iso-stecker-bmw-x5-e70","has-featured-image","landscape"],"jetpack_publicize_connections":[],"jetpack_featured_media_url":"https:\/\/www.autoradio-adapter.eu\/blog\/wp-content\/uploads\/2013\/05\/X5E70radio3.jpg","jetpack_shortlink":"https:\/\/wp.me\/p3stRu-7R","jetpack_sharing_enabled":true,"_links":{"self":[{"href":"https:\/\/www.autoradio-adapter.eu\/blog\/wp-json\/wp\/v2\/posts\/487","targetHints":{"allow":["GET"]}}],"collection":[{"href":"https:\/\/www.autoradio-adapter.eu\/blog\/wp-json\/wp\/v2\/posts"}],"about":[{"href":"https:\/\/www.autoradio-adapter.eu\/blog\/wp-json\/wp\/v2\/types\/post"}],"author":[{"embeddable":true,"href":"https:\/\/www.autoradio-adapter.eu\/blog\/wp-json\/wp\/v2\/users\/2"}],"replies":[{"embeddable":true,"href":"https:\/\/www.autoradio-adapter.eu\/blog\/wp-json\/wp\/v2\/comments?post=487"}],"version-history":[{"count":0,"href":"https:\/\/www.autoradio-adapter.eu\/blog\/wp-json\/wp\/v2\/posts\/487\/revisions"}],"wp:featuredmedia":[{"embeddable":true,"href":"https:\/\/www.autoradio-adapter.eu\/blog\/wp-json\/wp\/v2\/media\/495"}],"wp:attachment":[{"href":"https:\/\/www.autoradio-adapter.eu\/blog\/wp-json\/wp\/v2\/media?parent=487"}],"wp:term":[{"taxonomy":"category","embeddable":true,"href":"https:\/\/www.autoradio-adapter.eu\/blog\/wp-json\/wp\/v2\/categories?post=487"},{"taxonomy":"post_tag","embeddable":true,"href":"https:\/\/www.autoradio-adapter.eu\/blog\/wp-json\/wp\/v2\/tags?post=487"}],"curies":[{"name":"wp","href":"https:\/\/api.w.org\/{rel}","templated":true}]}}