{"id":499,"date":"2013-05-22T07:04:45","date_gmt":"2013-05-22T05:04:45","guid":{"rendered":"http:\/\/www.autoradio-adapter.eu\/blog\/?p=499"},"modified":"2016-08-03T08:40:04","modified_gmt":"2016-08-03T06:40:04","slug":"autoradio-tausch-bmw-mini-cooper-einbauanleitung","status":"publish","type":"post","link":"https:\/\/www.autoradio-adapter.eu\/blog\/autoradio-tausch-bmw-mini-cooper-einbauanleitung\/","title":{"rendered":"Autoradio Tausch BMW Mini Cooper Einbauanleitung"},"content":{"rendered":"<h1><b>BMW Mini Cooper\u00a02001 &#8211; 2007: Radio tauschen!<\/b><\/h1>\n<p>Beim\u00a0<strong>BMW Mini\u00a02001\u20132007<\/strong> ist es kein Problem. Man braucht nat\u00fcrlich einen entsprechenden Adapter sowie eine\u00a0<strong><a title=\"BMW Radioblende\" href=\"http:\/\/www.car-hifi-radio-adapter.eu\/autoradioblende\/bmw\/\" target=\"_blank\" rel=\"noopener\">BMW Radioblende<\/a><\/strong>\u00a0 f\u00fcr das Armaturenbrett.<\/p>\n<p>USB-Sticks bzw. MP3-Player anschlie\u00dfen kann man auch mit AUX? Aber mit dem neuen Radio k\u00f6nnen alle anderen modernen Quellen genutzt werden.<\/p>\n<ul>\n<li><b>Installationszeit: Zirka 15 Minuten eine Werkstatt wird nicht ben\u00f6tigt!<\/b><\/li>\n<li><b>Ausbauwerkzeug:\u00a0 Torx-Schraubenzieher, Schraubenzieher!<\/b><\/li>\n<\/ul>\n<p>&nbsp;<\/p>\n<p><strong>BMW Mini Radio<\/strong><\/p>\n<p><a href=\"http:\/\/www.autoradio-adapter.eu\/blog\/wp-content\/uploads\/2013\/05\/mini2002radio5.jpg\"><img loading=\"lazy\" decoding=\"async\" class=\"alignnone size-full wp-image-502\" src=\"http:\/\/www.autoradio-adapter.eu\/blog\/wp-content\/uploads\/2013\/05\/mini2002radio5.jpg\" alt=\"mini2002radio5\" width=\"600\" height=\"450\" srcset=\"https:\/\/www.autoradio-adapter.eu\/blog\/wp-content\/uploads\/2013\/05\/mini2002radio5.jpg 600w, https:\/\/www.autoradio-adapter.eu\/blog\/wp-content\/uploads\/2013\/05\/mini2002radio5-300x225.jpg 300w\" sizes=\"auto, (max-width: 600px) 100vw, 600px\" \/><\/a><\/p>\n<p><!--more--><\/p>\n<ul>\n<li><strong>An den Seitenstegen der Mittelkonsole befinden sich jeweils zwei Schrauben rechts und links! Handschuhfach \u00f6ffnen damit man zu beiden Schrauben dazu kommt!<\/strong><\/li>\n<\/ul>\n<p>&nbsp;<\/p>\n<p><a href=\"http:\/\/www.autoradio-adapter.eu\/blog\/wp-content\/uploads\/2013\/05\/mini2002radio6.jpg\"><img loading=\"lazy\" decoding=\"async\" class=\"alignnone size-full wp-image-503\" src=\"http:\/\/www.autoradio-adapter.eu\/blog\/wp-content\/uploads\/2013\/05\/mini2002radio6.jpg\" alt=\"mini2002radio6\" width=\"600\" height=\"450\" srcset=\"https:\/\/www.autoradio-adapter.eu\/blog\/wp-content\/uploads\/2013\/05\/mini2002radio6.jpg 600w, https:\/\/www.autoradio-adapter.eu\/blog\/wp-content\/uploads\/2013\/05\/mini2002radio6-300x225.jpg 300w\" sizes=\"auto, (max-width: 600px) 100vw, 600px\" \/><\/a><\/p>\n<p>&nbsp;<\/p>\n<ul>\n<li><strong>Unter der Getr\u00e4nkehalterung und im Mittelteil nach dem Schaltkn\u00fcppel befinden sich ebenfalls je zwei Schrauben die m\u00fcssen gel\u00f6st werden damit man die Seitenteile der Mittelkonsole entfernen kann.<\/strong><\/li>\n<\/ul>\n<p>&nbsp;<\/p>\n<p><a href=\"http:\/\/www.autoradio-adapter.eu\/blog\/wp-content\/uploads\/2013\/05\/MiniS-Schrauben2.png\"><img loading=\"lazy\" decoding=\"async\" class=\"alignnone size-full wp-image-504\" src=\"http:\/\/www.autoradio-adapter.eu\/blog\/wp-content\/uploads\/2013\/05\/MiniS-Schrauben2.png\" alt=\"MiniS-Schrauben2\" width=\"600\" height=\"515\" srcset=\"https:\/\/www.autoradio-adapter.eu\/blog\/wp-content\/uploads\/2013\/05\/MiniS-Schrauben2.png 600w, https:\/\/www.autoradio-adapter.eu\/blog\/wp-content\/uploads\/2013\/05\/MiniS-Schrauben2-300x257.png 300w\" sizes=\"auto, (max-width: 600px) 100vw, 600px\" \/><\/a><\/p>\n<p>&nbsp;<\/p>\n<ul>\n<li><b>Schrauben l\u00f6sen!<\/b><\/li>\n<\/ul>\n<p><a href=\"http:\/\/www.autoradio-adapter.eu\/blog\/wp-content\/uploads\/2013\/05\/MiniS-Schrauben3.png\"><img loading=\"lazy\" decoding=\"async\" class=\"alignnone size-full wp-image-505\" src=\"http:\/\/www.autoradio-adapter.eu\/blog\/wp-content\/uploads\/2013\/05\/MiniS-Schrauben3.png\" alt=\"MiniS-Schrauben3\" width=\"600\" height=\"505\" srcset=\"https:\/\/www.autoradio-adapter.eu\/blog\/wp-content\/uploads\/2013\/05\/MiniS-Schrauben3.png 600w, https:\/\/www.autoradio-adapter.eu\/blog\/wp-content\/uploads\/2013\/05\/MiniS-Schrauben3-300x252.png 300w\" sizes=\"auto, (max-width: 600px) 100vw, 600px\" \/><\/a><\/p>\n<ul>\n<li>\u00a0<strong>Die Seitenleisten kann man danach entfernen!<\/strong><\/li>\n<\/ul>\n<p><a href=\"http:\/\/www.autoradio-adapter.eu\/blog\/wp-content\/uploads\/2013\/05\/MiniS-Seitenteile600.png\"><img loading=\"lazy\" decoding=\"async\" class=\"alignnone size-full wp-image-506\" src=\"http:\/\/www.autoradio-adapter.eu\/blog\/wp-content\/uploads\/2013\/05\/MiniS-Seitenteile600.png\" alt=\"MiniS-Seitenteile600\" width=\"600\" height=\"504\" srcset=\"https:\/\/www.autoradio-adapter.eu\/blog\/wp-content\/uploads\/2013\/05\/MiniS-Seitenteile600.png 600w, https:\/\/www.autoradio-adapter.eu\/blog\/wp-content\/uploads\/2013\/05\/MiniS-Seitenteile600-300x252.png 300w\" sizes=\"auto, (max-width: 600px) 100vw, 600px\" \/><\/a><\/p>\n<ul>\n<li><strong>Nach dem entfernen der Seitenleisten werden zwei Schrauben rechts und links neben dem Radio sichtbar diese aufschrauben. Das Radio l\u00e4\u00dft sich danach nach vorne rausziehen!<\/strong><\/li>\n<\/ul>\n<p><a href=\"http:\/\/www.autoradio-adapter.eu\/blog\/wp-content\/uploads\/2013\/05\/MiniS-Schrauben.png\"><img loading=\"lazy\" decoding=\"async\" class=\"alignnone size-full wp-image-507\" src=\"http:\/\/www.autoradio-adapter.eu\/blog\/wp-content\/uploads\/2013\/05\/MiniS-Schrauben.png\" alt=\"MiniS-Schrauben\" width=\"600\" height=\"509\" srcset=\"https:\/\/www.autoradio-adapter.eu\/blog\/wp-content\/uploads\/2013\/05\/MiniS-Schrauben.png 600w, https:\/\/www.autoradio-adapter.eu\/blog\/wp-content\/uploads\/2013\/05\/MiniS-Schrauben-300x254.png 300w\" sizes=\"auto, (max-width: 600px) 100vw, 600px\" \/><\/a><\/p>\n<p>&nbsp;<\/p>\n<ul>\n<li><strong>An der R\u00fcckseite den Radioadapter und den Antennenstecker abziehen.<\/strong><\/li>\n<\/ul>\n<p>&nbsp;<\/p>\n<p><a href=\"http:\/\/www.autoradio-adapter.eu\/blog\/wp-content\/uploads\/2013\/04\/leonradio2.png\"><img loading=\"lazy\" decoding=\"async\" src=\"http:\/\/www.autoradio-adapter.eu\/blog\/wp-content\/uploads\/2013\/04\/leonradio2.png\" alt=\"leonradio2\" width=\"600\" height=\"350\" \/><\/a><\/p>\n<p>&nbsp;<\/p>\n<ul>\n<li><b>Im\u00a0BMW Mini\u00a0Radioschacht werden diese beiden Kabel sichtbar bei Mini <span style=\"color: #ff0000;\">mit 40 PIN Anschluss.<\/span>\u00a0<\/b><\/li>\n<\/ul>\n<p><a href=\"http:\/\/www.autoradio-adapter.eu\/blog\/wp-content\/uploads\/2013\/05\/Steckerdetailbmw.png\"><img loading=\"lazy\" decoding=\"async\" class=\"alignnone size-full wp-image-508\" src=\"http:\/\/www.autoradio-adapter.eu\/blog\/wp-content\/uploads\/2013\/05\/Steckerdetailbmw.png\" alt=\"Steckerdetailbmw\" width=\"600\" height=\"350\" srcset=\"https:\/\/www.autoradio-adapter.eu\/blog\/wp-content\/uploads\/2013\/05\/Steckerdetailbmw.png 600w, https:\/\/www.autoradio-adapter.eu\/blog\/wp-content\/uploads\/2013\/05\/Steckerdetailbmw-300x175.png 300w\" sizes=\"auto, (max-width: 600px) 100vw, 600px\" \/><\/a><\/p>\n<ul>\n<li>\u00a0<b>Im BMW Mini Radioschacht werden diese beiden Kabel sichtbar bei Mini <span style=\"color: #ff0000;\">mit\u00a017 PIN Anschluss. <\/span><\/b><\/li>\n<\/ul>\n<p><a href=\"http:\/\/www.autoradio-adapter.eu\/blog\/wp-content\/uploads\/2013\/05\/Steckerdetailbmw17.png\"><img loading=\"lazy\" decoding=\"async\" class=\"alignnone size-full wp-image-551\" src=\"http:\/\/www.autoradio-adapter.eu\/blog\/wp-content\/uploads\/2013\/05\/Steckerdetailbmw17.png\" alt=\"Steckerdetailbmw17\" width=\"600\" height=\"350\" srcset=\"https:\/\/www.autoradio-adapter.eu\/blog\/wp-content\/uploads\/2013\/05\/Steckerdetailbmw17.png 600w, https:\/\/www.autoradio-adapter.eu\/blog\/wp-content\/uploads\/2013\/05\/Steckerdetailbmw17-300x175.png 300w\" sizes=\"auto, (max-width: 600px) 100vw, 600px\" \/><\/a><\/p>\n<ul>\n<li><strong>Die neue Radioblende kann installiert werden!<\/strong><\/li>\n<\/ul>\n<p>&nbsp;<\/p>\n<p>Und schon gehts los mit dem neuen Radio!<\/p>\n<ul>\n<li><strong>Blechrahmen in die Radioblende schieben die Zargen verbiegen<\/strong><\/li>\n<li><strong>Radioadapter und Antennenadapter anstecken Radio l\u00e4uft!<\/strong><\/li>\n<\/ul>\n<p>&nbsp;<\/p>\n<p>Antenne: Im\u00a0BMW Mini\u00a0ist ein Antennenkabel mit Fakra-Anschluss drin dazu braucht man einen\u00a0Fakra Antennenadapter zum Beispiel auf DIN es kann auch DIN auf ISO ger\u00fcstet werden.<\/p>\n<p>&nbsp;<\/p>\n<p>Original ist ein 1 DIN-Schacht Werksradio eingebaut die\u00a0BMW Mini Radioblende erm\u00f6glicht den Einbau eines 1 DIN Format Autoradios und man kann jedes handels\u00fcbliche 1 DIN Nachr\u00fcstradio verbauen.<\/p>\n<p>&nbsp;<\/p>\n<p>Das sollte ein vern\u00fcnftiges\u00a0BMW Mini\u00a02001 &#8211; 2007 Radioeinbauset enthalten!<\/p>\n<ul>\n<li>Radioblende<\/li>\n<li>Antennenadapter Fakra<\/li>\n<li>BMW Mini Radioadapter<\/li>\n<\/ul>\n<p>&nbsp;<\/p>\n<p>Man kann diese Adapter auch einzeln kaufen, es zahlt sich aber meistens weniger aus als gleich ein ganzen Einbauset zu bestellen, es gibt ein passendes <strong><a title=\"Autoradio Einbauset f\u00fcr BMW Mini \" href=\"http:\/\/www.autoradio-adapter.eu\/produkt-schlagwort\/radioeinbauset-fuer-mini\/\" target=\"_blank\">Radioeinbauset f\u00fcr Mini<\/a><\/strong> mit allen Adaptern. Da kommt alles auf einmal und man braucht keine extra Teile um mit dem Einbau fertig zu werden.<\/p>\n<p>&nbsp;<\/p>\n<p><a title=\"BMW Mini Cooper ab 2001 Radioblende Radioadapter DIN\" href=\"http:\/\/www.autoradio-adapter.eu\/produkt\/mini-one-autoradio-einbauset-mit-antennenadapter-din\/\" target=\"_blank\"><img loading=\"lazy\" decoding=\"async\" class=\"alignnone size-full wp-image-511\" src=\"http:\/\/www.autoradio-adapter.eu\/blog\/wp-content\/uploads\/2013\/05\/6145040pinDINset.jpg\" alt=\"6145040pinDINset\" width=\"567\" height=\"482\" srcset=\"https:\/\/www.autoradio-adapter.eu\/blog\/wp-content\/uploads\/2013\/05\/6145040pinDINset.jpg 567w, https:\/\/www.autoradio-adapter.eu\/blog\/wp-content\/uploads\/2013\/05\/6145040pinDINset-300x255.jpg 300w\" sizes=\"auto, (max-width: 567px) 100vw, 567px\" \/><\/a><\/p>\n<p>BMW Mini\u00a0Radioblende Antennenadapter Autoradio Einbauset f\u00fcr 1 DIN Radio<\/p>\n<p><a title=\"BMW Mini Cooper ab 2001 Autoradioblende ISO\" href=\"http:\/\/www.radio-adapter.eu\/home\/radioblenden\/bmw-mini-cooper-ab-2001-autoradioblende-iso.html\" target=\"_blank\" rel=\"noopener\"><img loading=\"lazy\" decoding=\"async\" class=\"alignnone size-full wp-image-512\" src=\"http:\/\/www.autoradio-adapter.eu\/blog\/wp-content\/uploads\/2013\/05\/6145040pinISOset.jpg\" alt=\"6145040pinISOset\" width=\"567\" height=\"482\" srcset=\"https:\/\/www.autoradio-adapter.eu\/blog\/wp-content\/uploads\/2013\/05\/6145040pinISOset.jpg 567w, https:\/\/www.autoradio-adapter.eu\/blog\/wp-content\/uploads\/2013\/05\/6145040pinISOset-300x255.jpg 300w\" sizes=\"auto, (max-width: 567px) 100vw, 567px\" \/><\/a><\/p>\n<p>BMW Mini ISO Radioblende Antennenadapter Autoradio Einbauset<\/p>\n<h2><a title=\"BMW Mini DIN 17PIN Radioblende Antennenadapter Autoradio Einbauset\" href=\"http:\/\/www.car-hifi-radio-adapter.eu\/autoradioblende\/bmw-mini-cooper-17pin-radioblende-radioadapter-din.html\" target=\"_blank\" rel=\"noopener\"><img loading=\"lazy\" decoding=\"async\" class=\"alignnone size-full wp-image-553\" src=\"http:\/\/www.autoradio-adapter.eu\/blog\/wp-content\/uploads\/2013\/05\/6145017pinDINset.jpg\" alt=\"6145017pinDINset\" width=\"567\" height=\"482\" srcset=\"https:\/\/www.autoradio-adapter.eu\/blog\/wp-content\/uploads\/2013\/05\/6145017pinDINset.jpg 567w, https:\/\/www.autoradio-adapter.eu\/blog\/wp-content\/uploads\/2013\/05\/6145017pinDINset-300x255.jpg 300w\" sizes=\"auto, (max-width: 567px) 100vw, 567px\" \/><\/a><\/h2>\n<p>BMW Mini DIN 17PIN Radioblende Antennenadapter Autoradio Einbauset<\/p>\n<p><a title=\"BMW Mini ISO 17 PIN Radioblende Antennenadapter Autoradio Einbauset\" href=\"http:\/\/www.car-hifi-radio-adapter.eu\/autoradioblende\/bmw-mini-cooper-17pin-autoradioblende-iso-autoradi.html\" target=\"_blank\" rel=\"noopener\"><img loading=\"lazy\" decoding=\"async\" class=\"alignnone size-full wp-image-554\" src=\"http:\/\/www.autoradio-adapter.eu\/blog\/wp-content\/uploads\/2013\/05\/6145017pinISOset.jpg\" alt=\"6145017pinISOset\" width=\"567\" height=\"482\" srcset=\"https:\/\/www.autoradio-adapter.eu\/blog\/wp-content\/uploads\/2013\/05\/6145017pinISOset.jpg 567w, https:\/\/www.autoradio-adapter.eu\/blog\/wp-content\/uploads\/2013\/05\/6145017pinISOset-300x255.jpg 300w\" sizes=\"auto, (max-width: 567px) 100vw, 567px\" \/><\/a><\/p>\n<p>BMW Mini ISO 17 PIN Radioblende Antennenadapter Autoradio Einbauset<\/p>\n<h2><\/h2>\n<h2>Anschlussvarianten von Nachr\u00fcstradios<\/h2>\n<p><a href=\"http:\/\/www.autoradio-adapter.eu\/blog\/wp-content\/uploads\/2013\/05\/ISOAntennenamschlussradio.png\"><img loading=\"lazy\" decoding=\"async\" class=\"alignnone size-full wp-image-515\" src=\"http:\/\/www.autoradio-adapter.eu\/blog\/wp-content\/uploads\/2013\/05\/ISOAntennenamschlussradio.png\" alt=\"ISOAntennenamschlussradio\" width=\"600\" height=\"309\" srcset=\"https:\/\/www.autoradio-adapter.eu\/blog\/wp-content\/uploads\/2013\/05\/ISOAntennenamschlussradio.png 600w, https:\/\/www.autoradio-adapter.eu\/blog\/wp-content\/uploads\/2013\/05\/ISOAntennenamschlussradio-300x154.png 300w\" sizes=\"auto, (max-width: 600px) 100vw, 600px\" \/><\/a><\/p>\n<p>Die meisten neuen Autoradios haben den DIN Antennenanschluss.<\/p>\n<p><a href=\"http:\/\/www.autoradio-adapter.eu\/blog\/wp-content\/uploads\/2013\/05\/Dinradio2.png\"><img loading=\"lazy\" decoding=\"async\" class=\"alignnone size-full wp-image-516\" src=\"http:\/\/www.autoradio-adapter.eu\/blog\/wp-content\/uploads\/2013\/05\/Dinradio2.png\" alt=\"Dinradio2\" width=\"600\" height=\"350\" srcset=\"https:\/\/www.autoradio-adapter.eu\/blog\/wp-content\/uploads\/2013\/05\/Dinradio2.png 600w, https:\/\/www.autoradio-adapter.eu\/blog\/wp-content\/uploads\/2013\/05\/Dinradio2-300x175.png 300w\" sizes=\"auto, (max-width: 600px) 100vw, 600px\" \/><\/a><\/p>\n<p><a href=\"http:\/\/radio-adapter.eu\/produkt-kategorie\/auto-lautsprecher-set\/bmw-auto-lautsprecher-set\/bmw-mini-auto-lautsprecher-set\/\" target=\"_blank\" rel=\"noopener\"><img loading=\"lazy\" decoding=\"async\" class=\"alignnone size-full wp-image-764\" src=\"http:\/\/www.autoradio-adapter.eu\/blog\/wp-content\/uploads\/2013\/05\/BMW-Mini-Lautsprecher-mit-Bewertungen-und-Testsiegen.jpg\" alt=\"BMW-Mini-Lautsprecher-mit-Bewertungen-und-Testsiegen\" width=\"600\" height=\"600\" srcset=\"https:\/\/www.autoradio-adapter.eu\/blog\/wp-content\/uploads\/2013\/05\/BMW-Mini-Lautsprecher-mit-Bewertungen-und-Testsiegen.jpg 600w, https:\/\/www.autoradio-adapter.eu\/blog\/wp-content\/uploads\/2013\/05\/BMW-Mini-Lautsprecher-mit-Bewertungen-und-Testsiegen-150x150.jpg 150w, https:\/\/www.autoradio-adapter.eu\/blog\/wp-content\/uploads\/2013\/05\/BMW-Mini-Lautsprecher-mit-Bewertungen-und-Testsiegen-300x300.jpg 300w\" sizes=\"auto, (max-width: 600px) 100vw, 600px\" \/><\/a><\/p>\n<p>&nbsp;<\/p>\n<p>&nbsp;<\/p>\n<p>&nbsp;<\/p>\n<p><span style=\"border-radius: 2px; text-indent: 20px; width: auto; padding: 0px 4px 0px 0px; text-align: center; font: bold 11px\/20px 'Helvetica Neue',Helvetica,sans-serif; color: #ffffff; background: #bd081c no-repeat scroll 3px 50% \/ 14px 14px; position: absolute; opacity: 0.85; z-index: 8675309; display: none; cursor: pointer; top: 9204px; left: 20px;\">Merken<\/span><\/p>\n<p><span style=\"border-radius: 2px; text-indent: 20px; width: auto; padding: 0px 4px 0px 0px; text-align: center; font: bold 11px\/20px 'Helvetica Neue',Helvetica,sans-serif; color: #ffffff; background: #bd081c  no-repeat scroll 3px 50% \/ 14px 14px; position: absolute; opacity: 0.85; z-index: 8675309; display: none; cursor: pointer; top: 6161px; left: 20px;\">Merken<\/span><\/p>\n","protected":false},"excerpt":{"rendered":"<p>BMW Mini Cooper\u00a02001 &#8211; 2007: Radio tauschen! Beim\u00a0BMW Mini\u00a02001\u20132007 ist es kein Problem. Man braucht nat\u00fcrlich einen entsprechenden Adapter sowie [&hellip;]<\/p>\n","protected":false},"author":2,"featured_media":500,"comment_status":"open","ping_status":"open","sticky":false,"template":"","format":"standard","meta":{"jetpack_post_was_ever_published":false,"_jetpack_newsletter_access":"","_jetpack_dont_email_post_to_subs":false,"_jetpack_newsletter_tier_id":0,"_jetpack_memberships_contains_paywalled_content":false,"_jetpack_memberships_contains_paid_content":false,"footnotes":"","jetpack_publicize_message":"","jetpack_publicize_feature_enabled":true,"jetpack_social_post_already_shared":true,"jetpack_social_options":{"image_generator_settings":{"template":"highway","default_image_id":0,"font":"","enabled":false},"version":2}},"categories":[9,520],"tags":[310,648,649,651,650,652,97,660,661,662,663,664,665,666,667,668,34,653,654,655,656,657,658,659,669],"class_list":["post-499","post","type-post","status-publish","format-standard","has-post-thumbnail","hentry","category-autoradio-einbau-tipps","category-bmw-autoradio-einbau-tipps","tag-anleitung-zum-radioausbau","tag-autoradio-ausbau-bei-bmw-mini-1-din","tag-autoradio-einbauanleitung-bmw-mini-1-din-ab-2001-2007","tag-autoradio-tausch-bmw-mini-1-din-ab-2001-2007","tag-autoradio-tausch-in-bmw-mini-1-din","tag-autoradio-tauschen-in-bmw-mini-1-din","tag-bmw-autoradio-einbauanleitungen","tag-bmw-autoradio-einbauen","tag-bmw-autoradio-tauschen","tag-bmw-mini-1-din-autoradio-einbauanleitung","tag-bmw-mini-1-din-autoradio-tauschen","tag-bmw-mini-1-din-cd-radio-tauschen","tag-bmw-mini-1-din-radio-tauschen","tag-bmw-mini-1-din-radio-tauschen-ab-2001-2007","tag-bmw-mini-1-din-radio-wechseln","tag-bmw-werksradio-tauschen","tag-einbauanleitung-autoradio-wechsel","tag-neues-radio-fur-bmw-mini-1-din","tag-original-bmw-mini-1-din-radio-ausbauen","tag-radio-bei-bmw-mini-1-din-wechseln","tag-radio-einbau-bmw-mini-1-din","tag-radiowechsel-bmw-mini-1-din","tag-radiowechsel-bmw-mini-1-din-ab-2001-2007","tag-ratgeber-autoradio-bmw-mini-1-din-tauschen","tag-wie-kann-ich-ein-autoradio-in-bmw-mini-1-din-einbauen","has-featured-image","landscape"],"jetpack_publicize_connections":[],"jetpack_featured_media_url":"https:\/\/www.autoradio-adapter.eu\/blog\/wp-content\/uploads\/2013\/05\/miniauto.jpg","jetpack_shortlink":"https:\/\/wp.me\/p3stRu-83","jetpack_sharing_enabled":true,"_links":{"self":[{"href":"https:\/\/www.autoradio-adapter.eu\/blog\/wp-json\/wp\/v2\/posts\/499","targetHints":{"allow":["GET"]}}],"collection":[{"href":"https:\/\/www.autoradio-adapter.eu\/blog\/wp-json\/wp\/v2\/posts"}],"about":[{"href":"https:\/\/www.autoradio-adapter.eu\/blog\/wp-json\/wp\/v2\/types\/post"}],"author":[{"embeddable":true,"href":"https:\/\/www.autoradio-adapter.eu\/blog\/wp-json\/wp\/v2\/users\/2"}],"replies":[{"embeddable":true,"href":"https:\/\/www.autoradio-adapter.eu\/blog\/wp-json\/wp\/v2\/comments?post=499"}],"version-history":[{"count":0,"href":"https:\/\/www.autoradio-adapter.eu\/blog\/wp-json\/wp\/v2\/posts\/499\/revisions"}],"wp:featuredmedia":[{"embeddable":true,"href":"https:\/\/www.autoradio-adapter.eu\/blog\/wp-json\/wp\/v2\/media\/500"}],"wp:attachment":[{"href":"https:\/\/www.autoradio-adapter.eu\/blog\/wp-json\/wp\/v2\/media?parent=499"}],"wp:term":[{"taxonomy":"category","embeddable":true,"href":"https:\/\/www.autoradio-adapter.eu\/blog\/wp-json\/wp\/v2\/categories?post=499"},{"taxonomy":"post_tag","embeddable":true,"href":"https:\/\/www.autoradio-adapter.eu\/blog\/wp-json\/wp\/v2\/tags?post=499"}],"curies":[{"name":"wp","href":"https:\/\/api.w.org\/{rel}","templated":true}]}}